{"id":21,"date":"2010-05-15T22:32:55","date_gmt":"2010-05-15T20:32:55","guid":{"rendered":"http:\/\/michelmontlahuc.wordpress.com\/?p=21"},"modified":"2010-05-15T22:32:55","modified_gmt":"2010-05-15T20:32:55","slug":"opinel-n%c2%b08-en-marqueterie","status":"publish","type":"post","link":"https:\/\/www.couteaux-montlahuc.com\/?p=21","title":{"rendered":"Opinel N\u00b08 en marqueterie"},"content":{"rendered":"<p>Voici un Opinel N\u00b08 en marqueterie massive de palissandre, bois de renne et palmier. Les intercalaires sont en fibre de carbone rouge.<\/p>\n<div id=\"attachment_24\" style=\"width: 310px\" class=\"wp-caption aligncenter\"><img loading=\"lazy\" decoding=\"async\" aria-describedby=\"caption-attachment-24\" data-attachment-id=\"24\" data-permalink=\"https:\/\/www.couteaux-montlahuc.com\/?attachment_id=24\" data-orig-file=\"https:\/\/www.couteaux-montlahuc.com\/WordPress3\/wp-content\/uploads\/2010\/05\/8vri-palissandre-renne-palmier.jpg\" data-orig-size=\"709,211\" data-comments-opened=\"1\" data-image-meta=\"{&quot;aperture&quot;:&quot;3.02&quot;,&quot;credit&quot;:&quot;&quot;,&quot;camera&quot;:&quot;DC3320&quot;,&quot;caption&quot;:&quot;&quot;,&quot;created_timestamp&quot;:&quot;947731978&quot;,&quot;copyright&quot;:&quot;&quot;,&quot;focal_length&quot;:&quot;0&quot;,&quot;iso&quot;:&quot;100&quot;,&quot;shutter_speed&quot;:&quot;0.017857142857143&quot;,&quot;title&quot;:&quot;Premier Exif JPEG&quot;}\" data-image-title=\"Opinel custom N\u00b08 en marqueterie (palissandre, renne, palmier)\" data-image-description=\"&lt;p&gt;Opinel custom N\u00b08 en marqueterie massive (palissandre, bois de renne, palmier)&lt;\/p&gt;\n\" data-image-caption=\"&lt;p&gt;Opinel custom N\u00b08 en marqueterie (palissandre, renne, palmier)&lt;\/p&gt;\n\" data-medium-file=\"https:\/\/www.couteaux-montlahuc.com\/WordPress3\/wp-content\/uploads\/2010\/05\/8vri-palissandre-renne-palmier-300x89.jpg\" data-large-file=\"https:\/\/www.couteaux-montlahuc.com\/WordPress3\/wp-content\/uploads\/2010\/05\/8vri-palissandre-renne-palmier.jpg\" class=\"size-medium wp-image-24\" title=\"Opinel custom N\u00b08 en marqueterie (palissandre, renne, palmier)\" src=\"http:\/\/www.couteaux-montlahuc.com\/WordPress3\/wp-content\/uploads\/2010\/05\/8vri-palissandre-renne-palmier.jpg?w=300\" alt=\"Opinel custom N\u00b08 en marqueterie (palissandre, renne, palmier)\" width=\"300\" height=\"89\" srcset=\"https:\/\/www.couteaux-montlahuc.com\/WordPress3\/wp-content\/uploads\/2010\/05\/8vri-palissandre-renne-palmier.jpg 709w, https:\/\/www.couteaux-montlahuc.com\/WordPress3\/wp-content\/uploads\/2010\/05\/8vri-palissandre-renne-palmier-300x89.jpg 300w\" sizes=\"auto, (max-width: 300px) 100vw, 300px\" \/><p id=\"caption-attachment-24\" class=\"wp-caption-text\">Opinel custom N\u00b08 en marqueterie (palissandre, renne, palmier)<\/p><\/div>\n<p>Les assemblages obliques sont bien plus d\u00e9licats \u00e0 r\u00e9aliser mais ils permettent un r\u00e9sultat visuellement plus int\u00e9ressant. Pour ce type de travail les mat\u00e9riaux naturels peuvent \u00eatre remplac\u00e9s par des mat\u00e9riaux synth\u00e9tiques.<\/p>\n","protected":false},"excerpt":{"rendered":"<p>Opinel custom N\u00b08 en marqueterie massive<\/p>\n","protected":false},"author":1,"featured_media":0,"comment_status":"open","ping_status":"open","sticky":false,"template":"","format":"standard","meta":{"om_disable_all_campaigns":false,"_monsterinsights_skip_tracking":false,"_monsterinsights_sitenote_active":false,"_monsterinsights_sitenote_note":"","_monsterinsights_sitenote_category":0,"_uf_show_specific_survey":0,"_uf_disable_surveys":false,"jetpack_post_was_ever_published":false,"_jetpack_newsletter_access":"","_jetpack_dont_email_post_to_subs":false,"_jetpack_newsletter_tier_id":0,"_jetpack_memberships_contains_paywalled_content":false,"_jetpack_memberships_contains_paid_content":false,"footnotes":"","jetpack_publicize_message":"","jetpack_publicize_feature_enabled":true,"jetpack_social_post_already_shared":false,"jetpack_social_options":{"image_generator_settings":{"template":"highway","enabled":false}}},"categories":[6],"tags":[23,28,37],"class_list":["post-21","post","type-post","status-publish","format-standard","hentry","category-marqueterie","tag-custom","tag-marqueterie-2","tag-opinel"],"jetpack_publicize_connections":[],"aioseo_notices":[],"jetpack_featured_media_url":"","jetpack_sharing_enabled":true,"jetpack_shortlink":"https:\/\/wp.me\/p1Ny4E-l","jetpack_likes_enabled":true,"_links":{"self":[{"href":"https:\/\/www.couteaux-montlahuc.com\/index.php?rest_route=\/wp\/v2\/posts\/21","targetHints":{"allow":["GET"]}}],"collection":[{"href":"https:\/\/www.couteaux-montlahuc.com\/index.php?rest_route=\/wp\/v2\/posts"}],"about":[{"href":"https:\/\/www.couteaux-montlahuc.com\/index.php?rest_route=\/wp\/v2\/types\/post"}],"author":[{"embeddable":true,"href":"https:\/\/www.couteaux-montlahuc.com\/index.php?rest_route=\/wp\/v2\/users\/1"}],"replies":[{"embeddable":true,"href":"https:\/\/www.couteaux-montlahuc.com\/index.php?rest_route=%2Fwp%2Fv2%2Fcomments&post=21"}],"version-history":[{"count":0,"href":"https:\/\/www.couteaux-montlahuc.com\/index.php?rest_route=\/wp\/v2\/posts\/21\/revisions"}],"wp:attachment":[{"href":"https:\/\/www.couteaux-montlahuc.com\/index.php?rest_route=%2Fwp%2Fv2%2Fmedia&parent=21"}],"wp:term":[{"taxonomy":"category","embeddable":true,"href":"https:\/\/www.couteaux-montlahuc.com\/index.php?rest_route=%2Fwp%2Fv2%2Fcategories&post=21"},{"taxonomy":"post_tag","embeddable":true,"href":"https:\/\/www.couteaux-montlahuc.com\/index.php?rest_route=%2Fwp%2Fv2%2Ftags&post=21"}],"curies":[{"name":"wp","href":"https:\/\/api.w.org\/{rel}","templated":true}]}}