{"id":225,"date":"2011-10-04T20:46:33","date_gmt":"2011-10-04T18:46:33","guid":{"rendered":"http:\/\/www.couteaux-montlahuc.com\/?p=225"},"modified":"2011-10-17T08:54:18","modified_gmt":"2011-10-17T06:54:18","slug":"opinel-custom-n%c2%b08-en-bois-de-cerf-sambar","status":"publish","type":"post","link":"https:\/\/www.couteaux-montlahuc.com\/?p=225","title":{"rendered":"Opinel custom N\u00b08 en bois de cerf sambar"},"content":{"rendered":"<p>Voici un Opinel N\u00b08 avec un manche en bois de cerf sambar ancien, de forme assez inhabituelle. L&rsquo;extr\u00e9mit\u00e9 forme une fourche. Bien qu&rsquo;assez surprenant, il reste tout \u00e0 fait utilisable. Lame inox avec guillochage <em>pointes de fl\u00e8che<\/em>.<\/p>\n<div id=\"attachment_226\" style=\"width: 310px\" class=\"wp-caption aligncenter\"><a href=\"http:\/\/www.couteaux-montlahuc.com\/WordPress3\/wp-content\/uploads\/2011\/10\/8VRI_sambar_fourche.jpg\"><img loading=\"lazy\" decoding=\"async\" aria-describedby=\"caption-attachment-226\" data-attachment-id=\"226\" data-permalink=\"https:\/\/www.couteaux-montlahuc.com\/?attachment_id=226\" data-orig-file=\"https:\/\/www.couteaux-montlahuc.com\/WordPress3\/wp-content\/uploads\/2011\/10\/8VRI_sambar_fourche.jpg\" data-orig-size=\"709,425\" data-comments-opened=\"0\" data-image-meta=\"{&quot;aperture&quot;:&quot;6.96&quot;,&quot;credit&quot;:&quot;&quot;,&quot;camera&quot;:&quot;DC3320&quot;,&quot;caption&quot;:&quot;&quot;,&quot;created_timestamp&quot;:&quot;946904572&quot;,&quot;copyright&quot;:&quot;&quot;,&quot;focal_length&quot;:&quot;0&quot;,&quot;iso&quot;:&quot;100&quot;,&quot;shutter_speed&quot;:&quot;0.02&quot;,&quot;title&quot;:&quot;Premier Exif JPEG&quot;}\" data-image-title=\"Opinel custom N\u00b08 en bois de cerf sambar\" data-image-description=\"&lt;p&gt;Opinel custom N\u00b08 en bois de cerf sambar ancien&lt;\/p&gt;\n\" data-image-caption=\"&lt;p&gt;Opinel custom N\u00b08 en bois de cerf sambar ancien&lt;\/p&gt;\n\" data-medium-file=\"https:\/\/www.couteaux-montlahuc.com\/WordPress3\/wp-content\/uploads\/2011\/10\/8VRI_sambar_fourche-300x179.jpg\" data-large-file=\"https:\/\/www.couteaux-montlahuc.com\/WordPress3\/wp-content\/uploads\/2011\/10\/8VRI_sambar_fourche.jpg\" class=\"size-medium wp-image-226\" title=\"Opinel custom N\u00b08 en bois de cerf sambar\" src=\"http:\/\/www.couteaux-montlahuc.com\/WordPress3\/wp-content\/uploads\/2011\/10\/8VRI_sambar_fourche-300x179.jpg\" alt=\"Opinel custom N\u00b08 en bois de cerf sambar, talon en forme de fourche\" width=\"300\" height=\"179\" srcset=\"https:\/\/www.couteaux-montlahuc.com\/WordPress3\/wp-content\/uploads\/2011\/10\/8VRI_sambar_fourche-300x179.jpg 300w, https:\/\/www.couteaux-montlahuc.com\/WordPress3\/wp-content\/uploads\/2011\/10\/8VRI_sambar_fourche.jpg 709w\" sizes=\"auto, (max-width: 300px) 100vw, 300px\" \/><\/a><p id=\"caption-attachment-226\" class=\"wp-caption-text\">Opinel custom N\u00b08 en bois de cerf sambar ancien<\/p><\/div>\n<p>Le mat\u00e9riau est agr\u00e9able \u00e0 travailler et prend un beau poli, avec des couleurs qu&rsquo;on ne retrouve pas sur le cerf europ\u00e9en.<\/p>\n","protected":false},"excerpt":{"rendered":"<p>Voici un Opinel N\u00b08 avec un manche en bois de cerf sambar ancien, de forme assez inhabituelle. L&rsquo;extr\u00e9mit\u00e9 forme une fourche. Bien qu&rsquo;assez surprenant, il reste tout \u00e0 fait utilisable. Lame inox avec guillochage pointes de fl\u00e8che. Le mat\u00e9riau est agr\u00e9able \u00e0 travailler et prend un beau poli, avec des couleurs qu&rsquo;on ne retrouve pas [&hellip;]<\/p>\n","protected":false},"author":1,"featured_media":0,"comment_status":"closed","ping_status":"open","sticky":false,"template":"","format":"standard","meta":{"om_disable_all_campaigns":false,"_monsterinsights_skip_tracking":false,"_monsterinsights_sitenote_active":false,"_monsterinsights_sitenote_note":"","_monsterinsights_sitenote_category":0,"_uf_show_specific_survey":0,"_uf_disable_surveys":false,"jetpack_post_was_ever_published":false,"_jetpack_newsletter_access":"","_jetpack_dont_email_post_to_subs":false,"_jetpack_newsletter_tier_id":0,"_jetpack_memberships_contains_paywalled_content":false,"_jetpack_memberships_contains_paid_content":false,"footnotes":"","jetpack_publicize_message":"","jetpack_publicize_feature_enabled":true,"jetpack_social_post_already_shared":false,"jetpack_social_options":{"image_generator_settings":{"template":"highway","enabled":false}}},"categories":[4],"tags":[14,34,55],"class_list":["post-225","post","type-post","status-publish","format-standard","hentry","category-bois-de-cervides-cornes","tag-bois-de-cerf","tag-n8","tag-opinel-custom"],"jetpack_publicize_connections":[],"aioseo_notices":[],"jetpack_featured_media_url":"","jetpack_sharing_enabled":true,"jetpack_shortlink":"https:\/\/wp.me\/p1Ny4E-3D","jetpack_likes_enabled":true,"_links":{"self":[{"href":"https:\/\/www.couteaux-montlahuc.com\/index.php?rest_route=\/wp\/v2\/posts\/225","targetHints":{"allow":["GET"]}}],"collection":[{"href":"https:\/\/www.couteaux-montlahuc.com\/index.php?rest_route=\/wp\/v2\/posts"}],"about":[{"href":"https:\/\/www.couteaux-montlahuc.com\/index.php?rest_route=\/wp\/v2\/types\/post"}],"author":[{"embeddable":true,"href":"https:\/\/www.couteaux-montlahuc.com\/index.php?rest_route=\/wp\/v2\/users\/1"}],"replies":[{"embeddable":true,"href":"https:\/\/www.couteaux-montlahuc.com\/index.php?rest_route=%2Fwp%2Fv2%2Fcomments&post=225"}],"version-history":[{"count":4,"href":"https:\/\/www.couteaux-montlahuc.com\/index.php?rest_route=\/wp\/v2\/posts\/225\/revisions"}],"predecessor-version":[{"id":237,"href":"https:\/\/www.couteaux-montlahuc.com\/index.php?rest_route=\/wp\/v2\/posts\/225\/revisions\/237"}],"wp:attachment":[{"href":"https:\/\/www.couteaux-montlahuc.com\/index.php?rest_route=%2Fwp%2Fv2%2Fmedia&parent=225"}],"wp:term":[{"taxonomy":"category","embeddable":true,"href":"https:\/\/www.couteaux-montlahuc.com\/index.php?rest_route=%2Fwp%2Fv2%2Fcategories&post=225"},{"taxonomy":"post_tag","embeddable":true,"href":"https:\/\/www.couteaux-montlahuc.com\/index.php?rest_route=%2Fwp%2Fv2%2Ftags&post=225"}],"curies":[{"name":"wp","href":"https:\/\/api.w.org\/{rel}","templated":true}]}}