{"id":254,"date":"2011-11-19T21:16:50","date_gmt":"2011-11-19T20:16:50","guid":{"rendered":"http:\/\/www.couteaux-montlahuc.com\/?p=254"},"modified":"2011-11-19T21:16:50","modified_gmt":"2011-11-19T20:16:50","slug":"opinel-customs-en-bois-de-chevreuil","status":"publish","type":"post","link":"https:\/\/www.couteaux-montlahuc.com\/?p=254","title":{"rendered":"Opinel customs en bois de chevreuil"},"content":{"rendered":"<p>Ce mat\u00e9riau est int\u00e9ressant pour sa densit\u00e9 compar\u00e9 au bois de cerf et son esth\u00e9tique. Il est assez rarement utilis\u00e9 en coutellerie \u00e0 cause de la difficult\u00e9 pour trouver des bois de taille adapt\u00e9e.<\/p>\n<p>Ces deux exemplaires \u00e9taient tr\u00e8s particuliers, le premier pour sa taille exceptionnelle et le second pour sa forme tr\u00e8s tortueuse (on remarque aussi qu&rsquo;il est faiblement perl\u00e9). Voici le r\u00e9sultat :<\/p>\n<div id=\"attachment_256\" style=\"width: 310px\" class=\"wp-caption aligncenter\"><a href=\"http:\/\/www.couteaux-montlahuc.com\/WordPress3\/wp-content\/uploads\/2011\/11\/7-9VRI_chevreuil.jpg\"><img loading=\"lazy\" decoding=\"async\" aria-describedby=\"caption-attachment-256\" data-attachment-id=\"256\" data-permalink=\"https:\/\/www.couteaux-montlahuc.com\/?attachment_id=256\" data-orig-file=\"https:\/\/www.couteaux-montlahuc.com\/WordPress3\/wp-content\/uploads\/2011\/11\/7-9VRI_chevreuil.jpg\" data-orig-size=\"709,543\" data-comments-opened=\"0\" data-image-meta=\"{&quot;aperture&quot;:&quot;6.96&quot;,&quot;credit&quot;:&quot;&quot;,&quot;camera&quot;:&quot;DC3320&quot;,&quot;caption&quot;:&quot;&quot;,&quot;created_timestamp&quot;:&quot;950882432&quot;,&quot;copyright&quot;:&quot;&quot;,&quot;focal_length&quot;:&quot;0&quot;,&quot;iso&quot;:&quot;100&quot;,&quot;shutter_speed&quot;:&quot;0.02&quot;,&quot;title&quot;:&quot;Premier Exif JPEG&quot;}\" data-image-title=\"Deux Opinel customs en bois de chevreuil\" data-image-description=\"&lt;p&gt;Le bois de chevreuil, un mat\u00e9riau \u00e0 l&amp;rsquo;esth\u00e9tique si particuli\u00e8re.&lt;\/p&gt;\n\" data-image-caption=\"&lt;p&gt;Opine customs en bois de chevreuil (N\u00b09 et N\u00b07)&lt;\/p&gt;\n\" data-medium-file=\"https:\/\/www.couteaux-montlahuc.com\/WordPress3\/wp-content\/uploads\/2011\/11\/7-9VRI_chevreuil-300x229.jpg\" data-large-file=\"https:\/\/www.couteaux-montlahuc.com\/WordPress3\/wp-content\/uploads\/2011\/11\/7-9VRI_chevreuil.jpg\" class=\"size-medium wp-image-256\" title=\"Deux Opinel customs en bois de chevreuil\" src=\"http:\/\/www.couteaux-montlahuc.com\/WordPress3\/wp-content\/uploads\/2011\/11\/7-9VRI_chevreuil-300x229.jpg\" alt=\"Opinel customs N\u00b09 et N\u00b07 en bois de chevreuil\" width=\"300\" height=\"229\" srcset=\"https:\/\/www.couteaux-montlahuc.com\/WordPress3\/wp-content\/uploads\/2011\/11\/7-9VRI_chevreuil-300x229.jpg 300w, https:\/\/www.couteaux-montlahuc.com\/WordPress3\/wp-content\/uploads\/2011\/11\/7-9VRI_chevreuil.jpg 709w\" sizes=\"auto, (max-width: 300px) 100vw, 300px\" \/><\/a><p id=\"caption-attachment-256\" class=\"wp-caption-text\">Opinel customs en bois de chevreuil (N\u00b09 et N\u00b07)<\/p><\/div>\n<p>Un Opinel N\u00b09 en bois de chevreuil reste inhabituel, celui-ci s&rsquo;adapte parfaitement \u00e0 la main. Il est partiellement poli pour \u00eatre plus agr\u00e9able, tout en conservant un bon grip.<\/p>\n","protected":false},"excerpt":{"rendered":"<p>Ce mat\u00e9riau est int\u00e9ressant pour sa densit\u00e9 compar\u00e9 au bois de cerf et son esth\u00e9tique. Il est assez rarement utilis\u00e9 en coutellerie \u00e0 cause de la difficult\u00e9 pour trouver des bois de taille adapt\u00e9e. Ces deux exemplaires \u00e9taient tr\u00e8s particuliers, le premier pour sa taille exceptionnelle et le second pour sa forme tr\u00e8s tortueuse (on [&hellip;]<\/p>\n","protected":false},"author":1,"featured_media":0,"comment_status":"closed","ping_status":"open","sticky":false,"template":"","format":"standard","meta":{"om_disable_all_campaigns":false,"_monsterinsights_skip_tracking":false,"_monsterinsights_sitenote_active":false,"_monsterinsights_sitenote_note":"","_monsterinsights_sitenote_category":0,"_uf_show_specific_survey":0,"_uf_disable_surveys":false,"jetpack_post_was_ever_published":false,"_jetpack_newsletter_access":"","_jetpack_dont_email_post_to_subs":false,"_jetpack_newsletter_tier_id":0,"_jetpack_memberships_contains_paywalled_content":false,"_jetpack_memberships_contains_paid_content":false,"footnotes":"","jetpack_publicize_message":"","jetpack_publicize_feature_enabled":true,"jetpack_social_post_already_shared":false,"jetpack_social_options":{"image_generator_settings":{"template":"highway","enabled":false}}},"categories":[4],"tags":[56,29,55],"class_list":["post-254","post","type-post","status-publish","format-standard","hentry","category-bois-de-cervides-cornes","tag-bois-de-chevreuil","tag-michel-montlahuc","tag-opinel-custom"],"jetpack_publicize_connections":[],"aioseo_notices":[],"jetpack_featured_media_url":"","jetpack_sharing_enabled":true,"jetpack_shortlink":"https:\/\/wp.me\/p1Ny4E-46","jetpack_likes_enabled":true,"_links":{"self":[{"href":"https:\/\/www.couteaux-montlahuc.com\/index.php?rest_route=\/wp\/v2\/posts\/254","targetHints":{"allow":["GET"]}}],"collection":[{"href":"https:\/\/www.couteaux-montlahuc.com\/index.php?rest_route=\/wp\/v2\/posts"}],"about":[{"href":"https:\/\/www.couteaux-montlahuc.com\/index.php?rest_route=\/wp\/v2\/types\/post"}],"author":[{"embeddable":true,"href":"https:\/\/www.couteaux-montlahuc.com\/index.php?rest_route=\/wp\/v2\/users\/1"}],"replies":[{"embeddable":true,"href":"https:\/\/www.couteaux-montlahuc.com\/index.php?rest_route=%2Fwp%2Fv2%2Fcomments&post=254"}],"version-history":[{"count":3,"href":"https:\/\/www.couteaux-montlahuc.com\/index.php?rest_route=\/wp\/v2\/posts\/254\/revisions"}],"predecessor-version":[{"id":258,"href":"https:\/\/www.couteaux-montlahuc.com\/index.php?rest_route=\/wp\/v2\/posts\/254\/revisions\/258"}],"wp:attachment":[{"href":"https:\/\/www.couteaux-montlahuc.com\/index.php?rest_route=%2Fwp%2Fv2%2Fmedia&parent=254"}],"wp:term":[{"taxonomy":"category","embeddable":true,"href":"https:\/\/www.couteaux-montlahuc.com\/index.php?rest_route=%2Fwp%2Fv2%2Fcategories&post=254"},{"taxonomy":"post_tag","embeddable":true,"href":"https:\/\/www.couteaux-montlahuc.com\/index.php?rest_route=%2Fwp%2Fv2%2Ftags&post=254"}],"curies":[{"name":"wp","href":"https:\/\/api.w.org\/{rel}","templated":true}]}}