{"id":315,"date":"2012-02-02T23:44:05","date_gmt":"2012-02-02T22:44:05","guid":{"rendered":"http:\/\/www.couteaux-montlahuc.com\/?p=315"},"modified":"2012-05-24T10:33:01","modified_gmt":"2012-05-24T08:33:01","slug":"315","status":"publish","type":"post","link":"https:\/\/www.couteaux-montlahuc.com\/?p=315","title":{"rendered":"Opinel custom N\u00b012 en marqueterie (Bahia, bois de cerf&#8230;)"},"content":{"rendered":"<p>Voici un\u00a0 Opinel custom N\u00b012 en Palissandre de Bahia, bois de cerf et amourette. Les intercalaires sont en fibre vulcanis\u00e9e rouge. Talon en bec de corbin, finition polie et cir\u00e9e. Lame inox avec guillochage v\u00e9g\u00e9tal.<\/p>\n<div id=\"attachment_316\" style=\"width: 310px\" class=\"wp-caption aligncenter\"><a href=\"http:\/\/www.couteaux-montlahuc.com\/WordPress3\/wp-content\/uploads\/2012\/02\/12VRI-bahia-cerf-amourette.jpg\"><img loading=\"lazy\" decoding=\"async\" aria-describedby=\"caption-attachment-316\" data-attachment-id=\"316\" data-permalink=\"https:\/\/www.couteaux-montlahuc.com\/?attachment_id=316\" data-orig-file=\"https:\/\/www.couteaux-montlahuc.com\/WordPress3\/wp-content\/uploads\/2012\/02\/12VRI-bahia-cerf-amourette.jpg\" data-orig-size=\"792,384\" data-comments-opened=\"0\" data-image-meta=\"{&quot;aperture&quot;:&quot;6.96&quot;,&quot;credit&quot;:&quot;&quot;,&quot;camera&quot;:&quot;DC3320&quot;,&quot;caption&quot;:&quot;&quot;,&quot;created_timestamp&quot;:&quot;947515103&quot;,&quot;copyright&quot;:&quot;&quot;,&quot;focal_length&quot;:&quot;0&quot;,&quot;iso&quot;:&quot;100&quot;,&quot;shutter_speed&quot;:&quot;0.02&quot;,&quot;title&quot;:&quot;Premier Exif JPEG&quot;}\" data-image-title=\"Opinel custom N\u00b012 en bahia, bois de cerf et amourette\" data-image-description=\"\" data-image-caption=\"&lt;p&gt;Opinel custom N\u00b012 en bahia, bois de cerf et amourette&lt;\/p&gt;\n\" data-medium-file=\"https:\/\/www.couteaux-montlahuc.com\/WordPress3\/wp-content\/uploads\/2012\/02\/12VRI-bahia-cerf-amourette-300x145.jpg\" data-large-file=\"https:\/\/www.couteaux-montlahuc.com\/WordPress3\/wp-content\/uploads\/2012\/02\/12VRI-bahia-cerf-amourette.jpg\" class=\"size-medium wp-image-316\" title=\"Opinel custom N\u00b012 en bahia, bois de cerf et amourette\" src=\"http:\/\/www.couteaux-montlahuc.com\/WordPress3\/wp-content\/uploads\/2012\/02\/12VRI-bahia-cerf-amourette-300x145.jpg\" alt=\"Opinel custom en maqueterie de bois pr\u00e9cieux et bois de cerf\" width=\"300\" height=\"145\" srcset=\"https:\/\/www.couteaux-montlahuc.com\/WordPress3\/wp-content\/uploads\/2012\/02\/12VRI-bahia-cerf-amourette-300x145.jpg 300w, https:\/\/www.couteaux-montlahuc.com\/WordPress3\/wp-content\/uploads\/2012\/02\/12VRI-bahia-cerf-amourette.jpg 792w\" sizes=\"auto, (max-width: 300px) 100vw, 300px\" \/><\/a><p id=\"caption-attachment-316\" class=\"wp-caption-text\">Opinel custom N\u00b012 en bahia, bois de cerf et amourette<\/p><\/div>\n","protected":false},"excerpt":{"rendered":"<p>Voici un\u00a0 Opinel custom N\u00b012 en Palissandre de Bahia, bois de cerf et amourette. Les intercalaires sont en fibre vulcanis\u00e9e rouge. Talon en bec de corbin, finition polie et cir\u00e9e. Lame inox avec guillochage v\u00e9g\u00e9tal.<\/p>\n","protected":false},"author":1,"featured_media":0,"comment_status":"closed","ping_status":"open","sticky":false,"template":"","format":"standard","meta":{"om_disable_all_campaigns":false,"_monsterinsights_skip_tracking":false,"_monsterinsights_sitenote_active":false,"_monsterinsights_sitenote_note":"","_monsterinsights_sitenote_category":0,"_uf_show_specific_survey":0,"_uf_disable_surveys":false,"jetpack_post_was_ever_published":false,"_jetpack_newsletter_access":"","_jetpack_dont_email_post_to_subs":false,"_jetpack_newsletter_tier_id":0,"_jetpack_memberships_contains_paywalled_content":false,"_jetpack_memberships_contains_paid_content":false,"footnotes":"","jetpack_publicize_message":"","jetpack_publicize_feature_enabled":true,"jetpack_social_post_already_shared":false,"jetpack_social_options":{"image_generator_settings":{"template":"highway","enabled":false}}},"categories":[3,4,6],"tags":[13,14,29,32,55],"class_list":["post-315","post","type-post","status-publish","format-standard","hentry","category-bois","category-bois-de-cervides-cornes","category-marqueterie","tag-bois-2","tag-bois-de-cerf","tag-michel-montlahuc","tag-n12","tag-opinel-custom"],"jetpack_publicize_connections":[],"aioseo_notices":[],"jetpack_featured_media_url":"","jetpack_sharing_enabled":true,"jetpack_shortlink":"https:\/\/wp.me\/s1Ny4E-315","jetpack_likes_enabled":true,"_links":{"self":[{"href":"https:\/\/www.couteaux-montlahuc.com\/index.php?rest_route=\/wp\/v2\/posts\/315","targetHints":{"allow":["GET"]}}],"collection":[{"href":"https:\/\/www.couteaux-montlahuc.com\/index.php?rest_route=\/wp\/v2\/posts"}],"about":[{"href":"https:\/\/www.couteaux-montlahuc.com\/index.php?rest_route=\/wp\/v2\/types\/post"}],"author":[{"embeddable":true,"href":"https:\/\/www.couteaux-montlahuc.com\/index.php?rest_route=\/wp\/v2\/users\/1"}],"replies":[{"embeddable":true,"href":"https:\/\/www.couteaux-montlahuc.com\/index.php?rest_route=%2Fwp%2Fv2%2Fcomments&post=315"}],"version-history":[{"count":3,"href":"https:\/\/www.couteaux-montlahuc.com\/index.php?rest_route=\/wp\/v2\/posts\/315\/revisions"}],"predecessor-version":[{"id":397,"href":"https:\/\/www.couteaux-montlahuc.com\/index.php?rest_route=\/wp\/v2\/posts\/315\/revisions\/397"}],"wp:attachment":[{"href":"https:\/\/www.couteaux-montlahuc.com\/index.php?rest_route=%2Fwp%2Fv2%2Fmedia&parent=315"}],"wp:term":[{"taxonomy":"category","embeddable":true,"href":"https:\/\/www.couteaux-montlahuc.com\/index.php?rest_route=%2Fwp%2Fv2%2Fcategories&post=315"},{"taxonomy":"post_tag","embeddable":true,"href":"https:\/\/www.couteaux-montlahuc.com\/index.php?rest_route=%2Fwp%2Fv2%2Ftags&post=315"}],"curies":[{"name":"wp","href":"https:\/\/api.w.org\/{rel}","templated":true}]}}