{"id":343,"date":"2012-02-29T18:45:12","date_gmt":"2012-02-29T17:45:12","guid":{"rendered":"http:\/\/www.couteaux-montlahuc.com\/?p=343"},"modified":"2012-02-29T18:49:07","modified_gmt":"2012-02-29T17:49:07","slug":"salon-de-nyons-3-4-mars-2012","status":"publish","type":"post","link":"https:\/\/www.couteaux-montlahuc.com\/?p=343","title":{"rendered":"Salon de Nyons &#8211; 3 &#038; 4 Mars 2012"},"content":{"rendered":"<p>Comme chaque ann\u00e9e j&rsquo;aurai le plaisir de vous retrouver au <a title=\"Le salon du couteau de Nyons (Blog officiel)\" href=\"http:\/\/www.salonducouteaudenyons.blogspot.com\/\" target=\"_blank\">Salon du Couteau de Nyons<\/a>, de 9h30 \u00e0 19h00 \u00e0 la Maison de Pays (Promenade de la Digue). Plus de 50 couteliers pr\u00e9senteront leurs derni\u00e8res cr\u00e9ations. Il y a les habitu\u00e9s de ce rendez-vous, et 8 nouveaux cette ann\u00e9e.<\/p>\n<p>A bient\u00f4t.<\/p>\n","protected":false},"excerpt":{"rendered":"<p>Comme chaque ann\u00e9e j&rsquo;aurai le plaisir de vous retrouver au Salon du Couteau de Nyons, de 9h30 \u00e0 19h00 \u00e0 la Maison de Pays (Promenade de la Digue). Plus de 50 couteliers pr\u00e9senteront leurs derni\u00e8res cr\u00e9ations. Il y a les habitu\u00e9s de ce rendez-vous, et 8 nouveaux cette ann\u00e9e. A bient\u00f4t.<\/p>\n","protected":false},"author":1,"featured_media":0,"comment_status":"closed","ping_status":"open","sticky":false,"template":"","format":"standard","meta":{"om_disable_all_campaigns":false,"_monsterinsights_skip_tracking":false,"_monsterinsights_sitenote_active":false,"_monsterinsights_sitenote_note":"","_monsterinsights_sitenote_category":0,"_uf_show_specific_survey":0,"_uf_disable_surveys":false,"jetpack_post_was_ever_published":false,"_jetpack_newsletter_access":"","_jetpack_dont_email_post_to_subs":false,"_jetpack_newsletter_tier_id":0,"_jetpack_memberships_contains_paywalled_content":false,"_jetpack_memberships_contains_paid_content":false,"footnotes":"","jetpack_publicize_message":"","jetpack_publicize_feature_enabled":true,"jetpack_social_post_already_shared":false,"jetpack_social_options":{"image_generator_settings":{"template":"highway","enabled":false}}},"categories":[53],"tags":[45,62],"class_list":["post-343","post","type-post","status-publish","format-standard","hentry","category-annonces","tag-nyons","tag-salon-du-couteau"],"jetpack_publicize_connections":[],"aioseo_notices":[],"jetpack_featured_media_url":"","jetpack_sharing_enabled":true,"jetpack_shortlink":"https:\/\/wp.me\/p1Ny4E-5x","jetpack_likes_enabled":true,"_links":{"self":[{"href":"https:\/\/www.couteaux-montlahuc.com\/index.php?rest_route=\/wp\/v2\/posts\/343","targetHints":{"allow":["GET"]}}],"collection":[{"href":"https:\/\/www.couteaux-montlahuc.com\/index.php?rest_route=\/wp\/v2\/posts"}],"about":[{"href":"https:\/\/www.couteaux-montlahuc.com\/index.php?rest_route=\/wp\/v2\/types\/post"}],"author":[{"embeddable":true,"href":"https:\/\/www.couteaux-montlahuc.com\/index.php?rest_route=\/wp\/v2\/users\/1"}],"replies":[{"embeddable":true,"href":"https:\/\/www.couteaux-montlahuc.com\/index.php?rest_route=%2Fwp%2Fv2%2Fcomments&post=343"}],"version-history":[{"count":3,"href":"https:\/\/www.couteaux-montlahuc.com\/index.php?rest_route=\/wp\/v2\/posts\/343\/revisions"}],"predecessor-version":[{"id":345,"href":"https:\/\/www.couteaux-montlahuc.com\/index.php?rest_route=\/wp\/v2\/posts\/343\/revisions\/345"}],"wp:attachment":[{"href":"https:\/\/www.couteaux-montlahuc.com\/index.php?rest_route=%2Fwp%2Fv2%2Fmedia&parent=343"}],"wp:term":[{"taxonomy":"category","embeddable":true,"href":"https:\/\/www.couteaux-montlahuc.com\/index.php?rest_route=%2Fwp%2Fv2%2Fcategories&post=343"},{"taxonomy":"post_tag","embeddable":true,"href":"https:\/\/www.couteaux-montlahuc.com\/index.php?rest_route=%2Fwp%2Fv2%2Ftags&post=343"}],"curies":[{"name":"wp","href":"https:\/\/api.w.org\/{rel}","templated":true}]}}