{"id":399,"date":"2012-06-05T08:03:08","date_gmt":"2012-06-05T06:03:08","guid":{"rendered":"http:\/\/www.couteaux-montlahuc.com\/?p=399"},"modified":"2012-06-05T08:03:08","modified_gmt":"2012-06-05T06:03:08","slug":"opinel-custom-effile-10-cm-en-marqueterie","status":"publish","type":"post","link":"https:\/\/www.couteaux-montlahuc.com\/?p=399","title":{"rendered":"Opinel custom effil\u00e9 10 cm en marqueterie"},"content":{"rendered":"<p>Les <em>Effil\u00e9s<\/em> sont moins connus que la gamme classique, pourtant ils constituent une \u00e9volution int\u00e9ressante de la gamme Opinel. Apparus en 1986, ils ont montr\u00e9 que le syst\u00e8me de l&rsquo;Opinel se pr\u00eatait parfaitement \u00e0 l&rsquo;innovation. Le r\u00e9sultat est tr\u00e8s \u00e9l\u00e9gant et trouve toute son utilit\u00e9 \u00e0 table. Les <em>Effil\u00e9s<\/em> sont disponibles en lames de 8\/10\/12\/15 cm.<\/p>\n<p>Celui-ci poss\u00e8de un manche en amarante et talon en platane. La marqueterie au centre comporte du boss\u00e9 et d&rsquo;autre essences dont le nom est inconnu.<\/p>\n<div id=\"attachment_400\" style=\"width: 310px\" class=\"wp-caption aligncenter\"><a href=\"http:\/\/www.couteaux-montlahuc.com\/WordPress3\/wp-content\/uploads\/2012\/06\/Effile-10-amarante-platane.jpg\"><img loading=\"lazy\" decoding=\"async\" aria-describedby=\"caption-attachment-400\" data-attachment-id=\"400\" data-permalink=\"https:\/\/www.couteaux-montlahuc.com\/?attachment_id=400\" data-orig-file=\"https:\/\/www.couteaux-montlahuc.com\/WordPress3\/wp-content\/uploads\/2012\/06\/Effile-10-amarante-platane.jpg\" data-orig-size=\"794,206\" data-comments-opened=\"0\" data-image-meta=\"{&quot;aperture&quot;:&quot;43.52&quot;,&quot;credit&quot;:&quot;&quot;,&quot;camera&quot;:&quot;DC3320&quot;,&quot;caption&quot;:&quot;&quot;,&quot;created_timestamp&quot;:&quot;948976975&quot;,&quot;copyright&quot;:&quot;&quot;,&quot;focal_length&quot;:&quot;0&quot;,&quot;iso&quot;:&quot;100&quot;,&quot;shutter_speed&quot;:&quot;0.02&quot;,&quot;title&quot;:&quot;Premier Exif JPEG&quot;}\" data-image-title=\"Opinel effil\u00e9 10 cm custom\" data-image-description=\"&lt;p&gt;Opinel effil\u00e9 10 cm custom en marqueterie massive&lt;\/p&gt;\n\" data-image-caption=\"&lt;p&gt;Opinel effil\u00e9 10 cm custom en marqueterie massive&lt;\/p&gt;\n\" data-medium-file=\"https:\/\/www.couteaux-montlahuc.com\/WordPress3\/wp-content\/uploads\/2012\/06\/Effile-10-amarante-platane-300x77.jpg\" data-large-file=\"https:\/\/www.couteaux-montlahuc.com\/WordPress3\/wp-content\/uploads\/2012\/06\/Effile-10-amarante-platane.jpg\" class=\"size-medium wp-image-400\" title=\"Opinel effil\u00e9 10 cm custom\" src=\"http:\/\/www.couteaux-montlahuc.com\/WordPress3\/wp-content\/uploads\/2012\/06\/Effile-10-amarante-platane-300x77.jpg\" alt=\"Opinel effil\u00e9 10 cm custom en marqueterie massive\" width=\"300\" height=\"77\" srcset=\"https:\/\/www.couteaux-montlahuc.com\/WordPress3\/wp-content\/uploads\/2012\/06\/Effile-10-amarante-platane-300x77.jpg 300w, https:\/\/www.couteaux-montlahuc.com\/WordPress3\/wp-content\/uploads\/2012\/06\/Effile-10-amarante-platane.jpg 794w\" sizes=\"auto, (max-width: 300px) 100vw, 300px\" \/><\/a><p id=\"caption-attachment-400\" class=\"wp-caption-text\">Opinel effil\u00e9 10 cm custom en marqueterie massive<\/p><\/div>\n<p>Lame polie miroir guilloch\u00e9e.<\/p>\n","protected":false},"excerpt":{"rendered":"<p>Les Effil\u00e9s sont moins connus que la gamme classique, pourtant ils constituent une \u00e9volution int\u00e9ressante de la gamme Opinel. Apparus en 1986, ils ont montr\u00e9 que le syst\u00e8me de l&rsquo;Opinel se pr\u00eatait parfaitement \u00e0 l&rsquo;innovation. Le r\u00e9sultat est tr\u00e8s \u00e9l\u00e9gant et trouve toute son utilit\u00e9 \u00e0 table. Les Effil\u00e9s sont disponibles en lames de 8\/10\/12\/15 [&hellip;]<\/p>\n","protected":false},"author":1,"featured_media":0,"comment_status":"closed","ping_status":"open","sticky":false,"template":"","format":"standard","meta":{"om_disable_all_campaigns":false,"_monsterinsights_skip_tracking":false,"_monsterinsights_sitenote_active":false,"_monsterinsights_sitenote_note":"","_monsterinsights_sitenote_category":0,"_uf_show_specific_survey":0,"_uf_disable_surveys":false,"jetpack_post_was_ever_published":false,"_jetpack_newsletter_access":"","_jetpack_dont_email_post_to_subs":false,"_jetpack_newsletter_tier_id":0,"_jetpack_memberships_contains_paywalled_content":false,"_jetpack_memberships_contains_paid_content":false,"footnotes":"","jetpack_publicize_message":"","jetpack_publicize_feature_enabled":true,"jetpack_social_post_already_shared":false,"jetpack_social_options":{"image_generator_settings":{"template":"highway","enabled":false}}},"categories":[3,6],"tags":[66,65,28,37],"class_list":["post-399","post","type-post","status-publish","format-standard","hentry","category-bois","category-marqueterie","tag-10-cm","tag-effile","tag-marqueterie-2","tag-opinel"],"jetpack_publicize_connections":[],"aioseo_notices":[],"jetpack_featured_media_url":"","jetpack_sharing_enabled":true,"jetpack_shortlink":"https:\/\/wp.me\/p1Ny4E-6r","jetpack_likes_enabled":true,"_links":{"self":[{"href":"https:\/\/www.couteaux-montlahuc.com\/index.php?rest_route=\/wp\/v2\/posts\/399","targetHints":{"allow":["GET"]}}],"collection":[{"href":"https:\/\/www.couteaux-montlahuc.com\/index.php?rest_route=\/wp\/v2\/posts"}],"about":[{"href":"https:\/\/www.couteaux-montlahuc.com\/index.php?rest_route=\/wp\/v2\/types\/post"}],"author":[{"embeddable":true,"href":"https:\/\/www.couteaux-montlahuc.com\/index.php?rest_route=\/wp\/v2\/users\/1"}],"replies":[{"embeddable":true,"href":"https:\/\/www.couteaux-montlahuc.com\/index.php?rest_route=%2Fwp%2Fv2%2Fcomments&post=399"}],"version-history":[{"count":1,"href":"https:\/\/www.couteaux-montlahuc.com\/index.php?rest_route=\/wp\/v2\/posts\/399\/revisions"}],"predecessor-version":[{"id":401,"href":"https:\/\/www.couteaux-montlahuc.com\/index.php?rest_route=\/wp\/v2\/posts\/399\/revisions\/401"}],"wp:attachment":[{"href":"https:\/\/www.couteaux-montlahuc.com\/index.php?rest_route=%2Fwp%2Fv2%2Fmedia&parent=399"}],"wp:term":[{"taxonomy":"category","embeddable":true,"href":"https:\/\/www.couteaux-montlahuc.com\/index.php?rest_route=%2Fwp%2Fv2%2Fcategories&post=399"},{"taxonomy":"post_tag","embeddable":true,"href":"https:\/\/www.couteaux-montlahuc.com\/index.php?rest_route=%2Fwp%2Fv2%2Ftags&post=399"}],"curies":[{"name":"wp","href":"https:\/\/api.w.org\/{rel}","templated":true}]}}