{"id":43,"date":"2010-06-14T23:30:15","date_gmt":"2010-06-14T21:30:15","guid":{"rendered":"http:\/\/michelmontlahuc.wordpress.com\/?p=43"},"modified":"2010-06-14T23:30:15","modified_gmt":"2010-06-14T21:30:15","slug":"bois-de-cerf","status":"publish","type":"post","link":"https:\/\/www.couteaux-montlahuc.com\/?p=43","title":{"rendered":"Bois de cerf"},"content":{"rendered":"<p>Le bois de cerf est un mat\u00e9riau utilis\u00e9 depuis toujours en coutellerie. Il poss\u00e8de l&rsquo;avantage d&rsquo;\u00eatre esth\u00e9tique et r\u00e9sistant, tout en permettant une finition personnalis\u00e9e (mat\u00e9riau brut ou poli comme de l&rsquo;ivoire).<\/p>\n<div id=\"attachment_44\" style=\"width: 310px\" class=\"wp-caption aligncenter\"><a href=\"http:\/\/www.couteaux-montlahuc.com\/WordPress3\/wp-content\/uploads\/2010\/06\/8vri_cerf_wenge.jpg\"><img loading=\"lazy\" decoding=\"async\" aria-describedby=\"caption-attachment-44\" data-attachment-id=\"44\" data-permalink=\"https:\/\/www.couteaux-montlahuc.com\/?attachment_id=44\" data-orig-file=\"https:\/\/www.couteaux-montlahuc.com\/WordPress3\/wp-content\/uploads\/2010\/06\/8vri_cerf_wenge.jpg\" data-orig-size=\"709,225\" data-comments-opened=\"1\" data-image-meta=\"{&quot;aperture&quot;:&quot;6.96&quot;,&quot;credit&quot;:&quot;&quot;,&quot;camera&quot;:&quot;DC3320&quot;,&quot;caption&quot;:&quot;&quot;,&quot;created_timestamp&quot;:&quot;947030101&quot;,&quot;copyright&quot;:&quot;&quot;,&quot;focal_length&quot;:&quot;0&quot;,&quot;iso&quot;:&quot;100&quot;,&quot;shutter_speed&quot;:&quot;0.02&quot;,&quot;title&quot;:&quot;Premier Exif JPEG&quot;}\" data-image-title=\"N\u00b08 en bois de cerf poli\" data-image-description=\"&lt;p&gt;Pour ce mod\u00e8le une finition luxe a \u00e9t\u00e9 souhait\u00e9e. Le bois de cerf est poli, en ne conservant que le minimum de l&amp;rsquo;aspect habituel du mat\u00e9riau.&lt;\/p&gt;\n\" data-image-caption=\"&lt;p&gt;Opinel en bois de cerf soigneusement poli&lt;\/p&gt;\n\" data-medium-file=\"https:\/\/www.couteaux-montlahuc.com\/WordPress3\/wp-content\/uploads\/2010\/06\/8vri_cerf_wenge-300x95.jpg\" data-large-file=\"https:\/\/www.couteaux-montlahuc.com\/WordPress3\/wp-content\/uploads\/2010\/06\/8vri_cerf_wenge.jpg\" class=\"size-medium wp-image-44\" title=\"N\u00b08 en bois de cerf poli\" src=\"http:\/\/www.couteaux-montlahuc.com\/WordPress3\/wp-content\/uploads\/2010\/06\/8vri_cerf_wenge.jpg?w=300\" alt=\"N\u00b08 luxe en bois de cerf poli et talon en weng\u00e9\" width=\"300\" height=\"95\" srcset=\"https:\/\/www.couteaux-montlahuc.com\/WordPress3\/wp-content\/uploads\/2010\/06\/8vri_cerf_wenge.jpg 709w, https:\/\/www.couteaux-montlahuc.com\/WordPress3\/wp-content\/uploads\/2010\/06\/8vri_cerf_wenge-300x95.jpg 300w\" sizes=\"auto, (max-width: 300px) 100vw, 300px\" \/><\/a><p id=\"caption-attachment-44\" class=\"wp-caption-text\">Opinel en bois de cerf soigneusement poli<\/p><\/div>\n<p>Il est \u00e9galement possible de l&rsquo;utiliser dans un esprit \u00ab\u00a0outdoor\u00a0\u00bb. Dans ce cas, un bois nettement plus perl\u00e9 sera appr\u00e9ci\u00e9 \u00e0 la fois pour la prise en main qu&rsquo;il procure et pour l&rsquo;esth\u00e9tique plus rustique.<\/p>\n<p style=\"text-align:center;\">\n<div id=\"attachment_45\" style=\"width: 310px\" class=\"wp-caption aligncenter\"><a href=\"http:\/\/www.couteaux-montlahuc.com\/WordPress3\/wp-content\/uploads\/2010\/06\/10vri_cerf_courbe.jpg\"><img loading=\"lazy\" decoding=\"async\" aria-describedby=\"caption-attachment-45\" data-attachment-id=\"45\" data-permalink=\"https:\/\/www.couteaux-montlahuc.com\/?attachment_id=45\" data-orig-file=\"https:\/\/www.couteaux-montlahuc.com\/WordPress3\/wp-content\/uploads\/2010\/06\/10vri_cerf_courbe.jpg\" data-orig-size=\"709,246\" data-comments-opened=\"1\" data-image-meta=\"{&quot;aperture&quot;:&quot;6.96&quot;,&quot;credit&quot;:&quot;&quot;,&quot;camera&quot;:&quot;DC3320&quot;,&quot;caption&quot;:&quot;&quot;,&quot;created_timestamp&quot;:&quot;948007509&quot;,&quot;copyright&quot;:&quot;&quot;,&quot;focal_length&quot;:&quot;0&quot;,&quot;iso&quot;:&quot;100&quot;,&quot;shutter_speed&quot;:&quot;0.02&quot;,&quot;title&quot;:&quot;Premier Exif JPEG&quot;}\" data-image-title=\"Opinel N\u00b010 en bois de cerf\" data-image-description=\"&lt;p&gt;Ce mod\u00e8le a \u00e9t\u00e9 r\u00e9alis\u00e9 en gardant \u00e0 l&amp;rsquo;esprit son efficacit\u00e9 pour une utilisation sur le terrain. &lt;\/p&gt;\n\" data-image-caption=\"&lt;p&gt;Opinel N\u00b010 en bois de cerf pour une utilisation outdoor&lt;\/p&gt;\n\" data-medium-file=\"https:\/\/www.couteaux-montlahuc.com\/WordPress3\/wp-content\/uploads\/2010\/06\/10vri_cerf_courbe-300x104.jpg\" data-large-file=\"https:\/\/www.couteaux-montlahuc.com\/WordPress3\/wp-content\/uploads\/2010\/06\/10vri_cerf_courbe.jpg\" class=\"size-medium wp-image-45  \" title=\"Opinel N\u00b010 en bois de cerf\" src=\"http:\/\/www.couteaux-montlahuc.com\/WordPress3\/wp-content\/uploads\/2010\/06\/10vri_cerf_courbe.jpg?w=300\" alt=\"Opinel N\u00b010 en bois de cerf, talon en corne de buffle d'eau du Vietnam\" width=\"300\" height=\"104\" srcset=\"https:\/\/www.couteaux-montlahuc.com\/WordPress3\/wp-content\/uploads\/2010\/06\/10vri_cerf_courbe.jpg 709w, https:\/\/www.couteaux-montlahuc.com\/WordPress3\/wp-content\/uploads\/2010\/06\/10vri_cerf_courbe-300x104.jpg 300w\" sizes=\"auto, (max-width: 300px) 100vw, 300px\" \/><\/a><p id=\"caption-attachment-45\" class=\"wp-caption-text\">Opinel N\u00b010 en bois de cerf pour une utilisation outdoor<\/p><\/div>\n","protected":false},"excerpt":{"rendered":"<p>Pr\u00e9sentation des possibilit\u00e9s de r\u00e9alisation en bois de cerf.<\/p>\n","protected":false},"author":1,"featured_media":0,"comment_status":"open","ping_status":"open","sticky":false,"template":"","format":"standard","meta":{"om_disable_all_campaigns":false,"_monsterinsights_skip_tracking":false,"_monsterinsights_sitenote_active":false,"_monsterinsights_sitenote_note":"","_monsterinsights_sitenote_category":0,"_uf_show_specific_survey":0,"_uf_disable_surveys":false,"jetpack_post_was_ever_published":false,"_jetpack_newsletter_access":"","_jetpack_dont_email_post_to_subs":false,"_jetpack_newsletter_tier_id":0,"_jetpack_memberships_contains_paywalled_content":false,"_jetpack_memberships_contains_paid_content":false,"footnotes":"","jetpack_publicize_message":"","jetpack_publicize_feature_enabled":true,"jetpack_social_post_already_shared":false,"jetpack_social_options":{"image_generator_settings":{"template":"highway","enabled":false}}},"categories":[4],"tags":[14,23,37],"class_list":["post-43","post","type-post","status-publish","format-standard","hentry","category-bois-de-cervides-cornes","tag-bois-de-cerf","tag-custom","tag-opinel"],"jetpack_publicize_connections":[],"aioseo_notices":[],"jetpack_featured_media_url":"","jetpack_sharing_enabled":true,"jetpack_shortlink":"https:\/\/wp.me\/p1Ny4E-H","jetpack_likes_enabled":true,"_links":{"self":[{"href":"https:\/\/www.couteaux-montlahuc.com\/index.php?rest_route=\/wp\/v2\/posts\/43","targetHints":{"allow":["GET"]}}],"collection":[{"href":"https:\/\/www.couteaux-montlahuc.com\/index.php?rest_route=\/wp\/v2\/posts"}],"about":[{"href":"https:\/\/www.couteaux-montlahuc.com\/index.php?rest_route=\/wp\/v2\/types\/post"}],"author":[{"embeddable":true,"href":"https:\/\/www.couteaux-montlahuc.com\/index.php?rest_route=\/wp\/v2\/users\/1"}],"replies":[{"embeddable":true,"href":"https:\/\/www.couteaux-montlahuc.com\/index.php?rest_route=%2Fwp%2Fv2%2Fcomments&post=43"}],"version-history":[{"count":0,"href":"https:\/\/www.couteaux-montlahuc.com\/index.php?rest_route=\/wp\/v2\/posts\/43\/revisions"}],"wp:attachment":[{"href":"https:\/\/www.couteaux-montlahuc.com\/index.php?rest_route=%2Fwp%2Fv2%2Fmedia&parent=43"}],"wp:term":[{"taxonomy":"category","embeddable":true,"href":"https:\/\/www.couteaux-montlahuc.com\/index.php?rest_route=%2Fwp%2Fv2%2Fcategories&post=43"},{"taxonomy":"post_tag","embeddable":true,"href":"https:\/\/www.couteaux-montlahuc.com\/index.php?rest_route=%2Fwp%2Fv2%2Ftags&post=43"}],"curies":[{"name":"wp","href":"https:\/\/api.w.org\/{rel}","templated":true}]}}