{"id":435,"date":"2012-10-23T07:58:37","date_gmt":"2012-10-23T05:58:37","guid":{"rendered":"http:\/\/www.couteaux-montlahuc.com\/?p=435"},"modified":"2012-10-23T07:58:37","modified_gmt":"2012-10-23T05:58:37","slug":"salon-de-pierrelatte-27-et-28-octobre-2012","status":"publish","type":"post","link":"https:\/\/www.couteaux-montlahuc.com\/?p=435","title":{"rendered":"Salon de Pierrelatte &#8211; 27 et 28 Octobre 2012"},"content":{"rendered":"<p>Comme chaque ann\u00e9e je vous retrouverai au salon du couteau de Pierrelatte, qui aura lieu les 27 et 28 octobre \u00e0 la salle des f\u00eates, de 9 h \u00e0 18 h. Plus de d\u00e9tails sur le <a title=\"Le salon du couteau de Pierrelatte\" href=\"http:\/\/salon-couteau-pierrelatte.blogspot.fr\/\" target=\"_blank\">blog officiel<\/a>.<\/p>\n<p>&nbsp;<\/p>\n<div id=\"attachment_436\" style=\"width: 310px\" class=\"wp-caption aligncenter\"><a href=\"http:\/\/www.couteaux-montlahuc.com\/WordPress3\/wp-content\/uploads\/2012\/10\/9VRI-cerf-alu.jpg\"><img loading=\"lazy\" decoding=\"async\" aria-describedby=\"caption-attachment-436\" data-attachment-id=\"436\" data-permalink=\"https:\/\/www.couteaux-montlahuc.com\/?attachment_id=436\" data-orig-file=\"https:\/\/www.couteaux-montlahuc.com\/WordPress3\/wp-content\/uploads\/2012\/10\/9VRI-cerf-alu.jpg\" data-orig-size=\"794,242\" data-comments-opened=\"0\" data-image-meta=\"{&quot;aperture&quot;:&quot;6.96&quot;,&quot;credit&quot;:&quot;&quot;,&quot;camera&quot;:&quot;DC3320&quot;,&quot;caption&quot;:&quot;&quot;,&quot;created_timestamp&quot;:&quot;948309738&quot;,&quot;copyright&quot;:&quot;&quot;,&quot;focal_length&quot;:&quot;0&quot;,&quot;iso&quot;:&quot;100&quot;,&quot;shutter_speed&quot;:&quot;0.02&quot;,&quot;title&quot;:&quot;Premier Exif JPEG&quot;}\" data-image-title=\"Opinel custom N\u00b09 en bois de cerf et aluminium\" data-image-description=\"&lt;p&gt;Un Opinel custom N\u00b09 en bois de cerf et aluminium.&lt;\/p&gt;\n\" data-image-caption=\"&lt;p&gt;Un Opinel custom N\u00b09 en bois de cerf avec un insert en aluminium qui joue le r\u00f4le de garde, pour une prise en main plus s\u00fbre.&lt;\/p&gt;\n\" data-medium-file=\"https:\/\/www.couteaux-montlahuc.com\/WordPress3\/wp-content\/uploads\/2012\/10\/9VRI-cerf-alu-300x91.jpg\" data-large-file=\"https:\/\/www.couteaux-montlahuc.com\/WordPress3\/wp-content\/uploads\/2012\/10\/9VRI-cerf-alu.jpg\" class=\"size-medium wp-image-436\" title=\"Opinel custom N\u00b09 en bois de cerf et aluminium\" src=\"http:\/\/www.couteaux-montlahuc.com\/WordPress3\/wp-content\/uploads\/2012\/10\/9VRI-cerf-alu-300x91.jpg\" alt=\"Opinel custom N\u00b09 en bois de cerf et aluminium\" width=\"300\" height=\"91\" srcset=\"https:\/\/www.couteaux-montlahuc.com\/WordPress3\/wp-content\/uploads\/2012\/10\/9VRI-cerf-alu-300x91.jpg 300w, https:\/\/www.couteaux-montlahuc.com\/WordPress3\/wp-content\/uploads\/2012\/10\/9VRI-cerf-alu.jpg 794w\" sizes=\"auto, (max-width: 300px) 100vw, 300px\" \/><\/a><p id=\"caption-attachment-436\" class=\"wp-caption-text\">Un Opinel custom N\u00b09 en bois de cerf avec un insert en aluminium qui joue le r\u00f4le de garde, pour une prise en main plus s\u00fbre.<\/p><\/div>\n<p>&nbsp;<\/p>\n<p>&nbsp;<\/p>\n","protected":false},"excerpt":{"rendered":"<p>Comme chaque ann\u00e9e je vous retrouverai au salon du couteau de Pierrelatte, qui aura lieu les 27 et 28 octobre \u00e0 la salle des f\u00eates, de 9 h \u00e0 18 h. Plus de d\u00e9tails sur le blog officiel. &nbsp; &nbsp; &nbsp;<\/p>\n","protected":false},"author":1,"featured_media":0,"comment_status":"closed","ping_status":"open","sticky":false,"template":"","format":"standard","meta":{"om_disable_all_campaigns":false,"_monsterinsights_skip_tracking":false,"_monsterinsights_sitenote_active":false,"_monsterinsights_sitenote_note":"","_monsterinsights_sitenote_category":0,"_uf_show_specific_survey":0,"_uf_disable_surveys":false,"jetpack_post_was_ever_published":false,"_jetpack_newsletter_access":"","_jetpack_dont_email_post_to_subs":false,"_jetpack_newsletter_tier_id":0,"_jetpack_memberships_contains_paywalled_content":false,"_jetpack_memberships_contains_paid_content":false,"footnotes":"","jetpack_publicize_message":"","jetpack_publicize_feature_enabled":true,"jetpack_social_post_already_shared":false,"jetpack_social_options":{"image_generator_settings":{"template":"highway","enabled":false}}},"categories":[53,4],"tags":[],"class_list":["post-435","post","type-post","status-publish","format-standard","hentry","category-annonces","category-bois-de-cervides-cornes"],"jetpack_publicize_connections":[],"aioseo_notices":[],"jetpack_featured_media_url":"","jetpack_sharing_enabled":true,"jetpack_shortlink":"https:\/\/wp.me\/p1Ny4E-71","jetpack_likes_enabled":true,"_links":{"self":[{"href":"https:\/\/www.couteaux-montlahuc.com\/index.php?rest_route=\/wp\/v2\/posts\/435","targetHints":{"allow":["GET"]}}],"collection":[{"href":"https:\/\/www.couteaux-montlahuc.com\/index.php?rest_route=\/wp\/v2\/posts"}],"about":[{"href":"https:\/\/www.couteaux-montlahuc.com\/index.php?rest_route=\/wp\/v2\/types\/post"}],"author":[{"embeddable":true,"href":"https:\/\/www.couteaux-montlahuc.com\/index.php?rest_route=\/wp\/v2\/users\/1"}],"replies":[{"embeddable":true,"href":"https:\/\/www.couteaux-montlahuc.com\/index.php?rest_route=%2Fwp%2Fv2%2Fcomments&post=435"}],"version-history":[{"count":1,"href":"https:\/\/www.couteaux-montlahuc.com\/index.php?rest_route=\/wp\/v2\/posts\/435\/revisions"}],"predecessor-version":[{"id":437,"href":"https:\/\/www.couteaux-montlahuc.com\/index.php?rest_route=\/wp\/v2\/posts\/435\/revisions\/437"}],"wp:attachment":[{"href":"https:\/\/www.couteaux-montlahuc.com\/index.php?rest_route=%2Fwp%2Fv2%2Fmedia&parent=435"}],"wp:term":[{"taxonomy":"category","embeddable":true,"href":"https:\/\/www.couteaux-montlahuc.com\/index.php?rest_route=%2Fwp%2Fv2%2Fcategories&post=435"},{"taxonomy":"post_tag","embeddable":true,"href":"https:\/\/www.couteaux-montlahuc.com\/index.php?rest_route=%2Fwp%2Fv2%2Ftags&post=435"}],"curies":[{"name":"wp","href":"https:\/\/api.w.org\/{rel}","templated":true}]}}