{"id":440,"date":"2012-11-30T13:34:27","date_gmt":"2012-11-30T12:34:27","guid":{"rendered":"http:\/\/www.couteaux-montlahuc.com\/?p=440"},"modified":"2012-11-30T13:38:41","modified_gmt":"2012-11-30T12:38:41","slug":"opinel-custom-n7-en-bois-de-chevreuil","status":"publish","type":"post","link":"https:\/\/www.couteaux-montlahuc.com\/?p=440","title":{"rendered":"Opinel custom N\u00b07 en bois de chevreuil"},"content":{"rendered":"<p>Les bois de chevreuil sont souvent trop fins pour r\u00e9aliser un Opinel, mais avec un petit assemblage on peut \u00e9viter cet inconv\u00e9nient. L&rsquo;ajout d&rsquo;une bague en autre mat\u00e9riau, apporte une touche esth\u00e9tique. Lame inox avec guillochage v\u00e9g\u00e9tal.<\/p>\n<div id=\"attachment_442\" style=\"width: 310px\" class=\"wp-caption aligncenter\"><a href=\"http:\/\/www.couteaux-montlahuc.com\/WordPress3\/wp-content\/uploads\/2012\/11\/7VRI-chevreuil-Corian.jpg\"><img loading=\"lazy\" decoding=\"async\" aria-describedby=\"caption-attachment-442\" data-attachment-id=\"442\" data-permalink=\"https:\/\/www.couteaux-montlahuc.com\/?attachment_id=442\" data-orig-file=\"https:\/\/www.couteaux-montlahuc.com\/WordPress3\/wp-content\/uploads\/2012\/11\/7VRI-chevreuil-Corian.jpg\" data-orig-size=\"794,456\" data-comments-opened=\"0\" data-image-meta=\"{&quot;aperture&quot;:&quot;6.96&quot;,&quot;credit&quot;:&quot;&quot;,&quot;camera&quot;:&quot;DC3320&quot;,&quot;caption&quot;:&quot;&quot;,&quot;created_timestamp&quot;:&quot;949669287&quot;,&quot;copyright&quot;:&quot;&quot;,&quot;focal_length&quot;:&quot;0&quot;,&quot;iso&quot;:&quot;100&quot;,&quot;shutter_speed&quot;:&quot;0.02&quot;,&quot;title&quot;:&quot;Premier Exif JPEG&quot;}\" data-image-title=\"Opinel custom N\u00b07 en bois de chevreuil et Corian.\" data-image-description=\"&lt;p&gt;Opinel custom N\u00b07 en bois de chevreuil et Corian. Lame inox guilloch\u00e9e&lt;\/p&gt;\n\" data-image-caption=\"&lt;p&gt;Opinel custom N\u00b07 en bois de chevreuil et Corian.&lt;\/p&gt;\n\" data-medium-file=\"https:\/\/www.couteaux-montlahuc.com\/WordPress3\/wp-content\/uploads\/2012\/11\/7VRI-chevreuil-Corian-300x172.jpg\" data-large-file=\"https:\/\/www.couteaux-montlahuc.com\/WordPress3\/wp-content\/uploads\/2012\/11\/7VRI-chevreuil-Corian.jpg\" class=\"size-medium wp-image-442\" title=\"Opinel custom N\u00b07 en bois de chevreuil et Corian.\" src=\"http:\/\/www.couteaux-montlahuc.com\/WordPress3\/wp-content\/uploads\/2012\/11\/7VRI-chevreuil-Corian-300x172.jpg\" alt=\"Opinel custom N\u00b07 en bois de chevreuil et Corian.\" width=\"300\" height=\"172\" srcset=\"https:\/\/www.couteaux-montlahuc.com\/WordPress3\/wp-content\/uploads\/2012\/11\/7VRI-chevreuil-Corian-300x172.jpg 300w, https:\/\/www.couteaux-montlahuc.com\/WordPress3\/wp-content\/uploads\/2012\/11\/7VRI-chevreuil-Corian.jpg 794w\" sizes=\"auto, (max-width: 300px) 100vw, 300px\" \/><\/a><p id=\"caption-attachment-442\" class=\"wp-caption-text\">Opinel custom N\u00b07 en bois de chevreuil et Corian.<\/p><\/div>\n<p>&nbsp;<\/p>\n","protected":false},"excerpt":{"rendered":"<p>Les bois de chevreuil sont souvent trop fins pour r\u00e9aliser un Opinel, mais avec un petit assemblage on peut \u00e9viter cet inconv\u00e9nient. L&rsquo;ajout d&rsquo;une bague en autre mat\u00e9riau, apporte une touche esth\u00e9tique. Lame inox avec guillochage v\u00e9g\u00e9tal. &nbsp;<\/p>\n","protected":false},"author":1,"featured_media":0,"comment_status":"closed","ping_status":"open","sticky":false,"template":"","format":"standard","meta":{"om_disable_all_campaigns":false,"_monsterinsights_skip_tracking":false,"_monsterinsights_sitenote_active":false,"_monsterinsights_sitenote_note":"","_monsterinsights_sitenote_category":0,"_uf_show_specific_survey":0,"_uf_disable_surveys":false,"jetpack_post_was_ever_published":false,"_jetpack_newsletter_access":"","_jetpack_dont_email_post_to_subs":false,"_jetpack_newsletter_tier_id":0,"_jetpack_memberships_contains_paywalled_content":false,"_jetpack_memberships_contains_paid_content":false,"footnotes":"","jetpack_publicize_message":"","jetpack_publicize_feature_enabled":true,"jetpack_social_post_already_shared":true,"jetpack_social_options":{"image_generator_settings":{"template":"highway","enabled":false}}},"categories":[4,7],"tags":[17,70,23,29,61,37],"class_list":["post-440","post","type-post","status-publish","format-standard","hentry","category-bois-de-cervides-cornes","category-materiaux-synthetiques","tag-chevreuil","tag-corian","tag-custom","tag-michel-montlahuc","tag-n7","tag-opinel"],"jetpack_publicize_connections":[],"aioseo_notices":[],"jetpack_featured_media_url":"","jetpack_sharing_enabled":true,"jetpack_shortlink":"https:\/\/wp.me\/p1Ny4E-76","jetpack_likes_enabled":true,"_links":{"self":[{"href":"https:\/\/www.couteaux-montlahuc.com\/index.php?rest_route=\/wp\/v2\/posts\/440","targetHints":{"allow":["GET"]}}],"collection":[{"href":"https:\/\/www.couteaux-montlahuc.com\/index.php?rest_route=\/wp\/v2\/posts"}],"about":[{"href":"https:\/\/www.couteaux-montlahuc.com\/index.php?rest_route=\/wp\/v2\/types\/post"}],"author":[{"embeddable":true,"href":"https:\/\/www.couteaux-montlahuc.com\/index.php?rest_route=\/wp\/v2\/users\/1"}],"replies":[{"embeddable":true,"href":"https:\/\/www.couteaux-montlahuc.com\/index.php?rest_route=%2Fwp%2Fv2%2Fcomments&post=440"}],"version-history":[{"count":5,"href":"https:\/\/www.couteaux-montlahuc.com\/index.php?rest_route=\/wp\/v2\/posts\/440\/revisions"}],"predecessor-version":[{"id":446,"href":"https:\/\/www.couteaux-montlahuc.com\/index.php?rest_route=\/wp\/v2\/posts\/440\/revisions\/446"}],"wp:attachment":[{"href":"https:\/\/www.couteaux-montlahuc.com\/index.php?rest_route=%2Fwp%2Fv2%2Fmedia&parent=440"}],"wp:term":[{"taxonomy":"category","embeddable":true,"href":"https:\/\/www.couteaux-montlahuc.com\/index.php?rest_route=%2Fwp%2Fv2%2Fcategories&post=440"},{"taxonomy":"post_tag","embeddable":true,"href":"https:\/\/www.couteaux-montlahuc.com\/index.php?rest_route=%2Fwp%2Fv2%2Ftags&post=440"}],"curies":[{"name":"wp","href":"https:\/\/api.w.org\/{rel}","templated":true}]}}