{"id":454,"date":"2013-02-26T22:13:56","date_gmt":"2013-02-26T21:13:56","guid":{"rendered":"http:\/\/www.couteaux-montlahuc.com\/?p=454"},"modified":"2019-11-08T10:24:47","modified_gmt":"2019-11-08T09:24:47","slug":"salon-de-nyons-2-3-mars-2013","status":"publish","type":"post","link":"https:\/\/www.couteaux-montlahuc.com\/?p=454","title":{"rendered":"Salon de Nyons (2 &#038; 3 Mars 2013)"},"content":{"rendered":"<p>J\u2019aurai le plaisir de vous retrouver au Salon du Couteau de Nyons les 2 et 3 Mars prochains. La 17e \u00e9dition de ce salon se d\u00e9roulera \u00e0 la Maison de Pays, Promenade de la digue. Ouvert au public de 9h30 \u00e0 19h00.<br \/>\nPlus de 50 exposants vous pr\u00e9senteront leurs cr\u00e9ations. Une occasion de s\u2019arr\u00eater en Dr\u00f4me Proven\u00e7ale.<\/p>\n<p>Vous pouvez me contacter pour tout renseignement. A bient\u00f4t.<\/p>\n","protected":false},"excerpt":{"rendered":"<p>J\u2019aurai le plaisir de vous retrouver au Salon du Couteau de Nyons les 2 et 3 Mars prochains. La 17e \u00e9dition de ce salon se d\u00e9roulera \u00e0 la Maison de Pays, Promenade de la digue. Ouvert au public de 9h30 \u00e0 19h00. Plus de 50 exposants vous pr\u00e9senteront leurs cr\u00e9ations. Une occasion de s\u2019arr\u00eater en [&hellip;]<\/p>\n","protected":false},"author":1,"featured_media":0,"comment_status":"closed","ping_status":"open","sticky":false,"template":"","format":"standard","meta":{"om_disable_all_campaigns":false,"_monsterinsights_skip_tracking":false,"_monsterinsights_sitenote_active":false,"_monsterinsights_sitenote_note":"","_monsterinsights_sitenote_category":0,"_uf_show_specific_survey":0,"_uf_disable_surveys":false,"jetpack_post_was_ever_published":false,"_jetpack_newsletter_access":"","_jetpack_dont_email_post_to_subs":false,"_jetpack_newsletter_tier_id":0,"_jetpack_memberships_contains_paywalled_content":false,"_jetpack_memberships_contains_paid_content":false,"footnotes":"","jetpack_publicize_message":"","jetpack_publicize_feature_enabled":true,"jetpack_social_post_already_shared":true,"jetpack_social_options":{"image_generator_settings":{"template":"highway","enabled":false}}},"categories":[53],"tags":[45,62],"class_list":["post-454","post","type-post","status-publish","format-standard","hentry","category-annonces","tag-nyons","tag-salon-du-couteau"],"jetpack_publicize_connections":[],"aioseo_notices":[],"jetpack_featured_media_url":"","jetpack_sharing_enabled":true,"jetpack_shortlink":"https:\/\/wp.me\/p1Ny4E-7k","jetpack_likes_enabled":true,"_links":{"self":[{"href":"https:\/\/www.couteaux-montlahuc.com\/index.php?rest_route=\/wp\/v2\/posts\/454","targetHints":{"allow":["GET"]}}],"collection":[{"href":"https:\/\/www.couteaux-montlahuc.com\/index.php?rest_route=\/wp\/v2\/posts"}],"about":[{"href":"https:\/\/www.couteaux-montlahuc.com\/index.php?rest_route=\/wp\/v2\/types\/post"}],"author":[{"embeddable":true,"href":"https:\/\/www.couteaux-montlahuc.com\/index.php?rest_route=\/wp\/v2\/users\/1"}],"replies":[{"embeddable":true,"href":"https:\/\/www.couteaux-montlahuc.com\/index.php?rest_route=%2Fwp%2Fv2%2Fcomments&post=454"}],"version-history":[{"count":2,"href":"https:\/\/www.couteaux-montlahuc.com\/index.php?rest_route=\/wp\/v2\/posts\/454\/revisions"}],"predecessor-version":[{"id":460,"href":"https:\/\/www.couteaux-montlahuc.com\/index.php?rest_route=\/wp\/v2\/posts\/454\/revisions\/460"}],"wp:attachment":[{"href":"https:\/\/www.couteaux-montlahuc.com\/index.php?rest_route=%2Fwp%2Fv2%2Fmedia&parent=454"}],"wp:term":[{"taxonomy":"category","embeddable":true,"href":"https:\/\/www.couteaux-montlahuc.com\/index.php?rest_route=%2Fwp%2Fv2%2Fcategories&post=454"},{"taxonomy":"post_tag","embeddable":true,"href":"https:\/\/www.couteaux-montlahuc.com\/index.php?rest_route=%2Fwp%2Fv2%2Ftags&post=454"}],"curies":[{"name":"wp","href":"https:\/\/api.w.org\/{rel}","templated":true}]}}