{"id":464,"date":"2013-05-08T17:50:17","date_gmt":"2013-05-08T15:50:17","guid":{"rendered":"http:\/\/www.couteaux-montlahuc.com\/?p=464"},"modified":"2019-11-08T10:24:46","modified_gmt":"2019-11-08T09:24:46","slug":"opinel-custom-n8-en-palissandre-et-olivier","status":"publish","type":"post","link":"https:\/\/www.couteaux-montlahuc.com\/?p=464","title":{"rendered":"Opinel custom N\u00b08 en palissandre et olivier"},"content":{"rendered":"<p>Pour cette r\u00e9alisation j&rsquo;ai choisi un palissandre clair et du bel olivier du Var, avec des intercalaires de couleur noire. Le talon en bec de corbin, avec sa forme complice de la main \u00e9tait tout indiqu\u00e9. Il est \u00e9quip\u00e9 d&rsquo;une lame en acier au carbone guilloch\u00e9e.<\/p>\n<div id=\"attachment_465\" style=\"width: 310px\" class=\"wp-caption aligncenter\"><a href=\"http:\/\/www.couteaux-montlahuc.com\/WordPress3\/wp-content\/uploads\/2013\/05\/8VRN-palissandre-olivier.jpg\"><img loading=\"lazy\" decoding=\"async\" aria-describedby=\"caption-attachment-465\" data-attachment-id=\"465\" data-permalink=\"https:\/\/www.couteaux-montlahuc.com\/?attachment_id=465\" data-orig-file=\"https:\/\/www.couteaux-montlahuc.com\/WordPress3\/wp-content\/uploads\/2013\/05\/8VRN-palissandre-olivier.jpg\" data-orig-size=\"794,407\" data-comments-opened=\"0\" data-image-meta=\"{&quot;aperture&quot;:&quot;4.7&quot;,&quot;credit&quot;:&quot;&quot;,&quot;camera&quot;:&quot;SP600UZ&quot;,&quot;caption&quot;:&quot;&quot;,&quot;created_timestamp&quot;:&quot;1367913650&quot;,&quot;copyright&quot;:&quot;&quot;,&quot;focal_length&quot;:&quot;19&quot;,&quot;iso&quot;:&quot;100&quot;,&quot;shutter_speed&quot;:&quot;0.00625&quot;,&quot;title&quot;:&quot;OLYMPUS DIGITAL CAMERA&quot;}\" data-image-title=\"Opinel custom N\u00b08 palissandre olivier\" data-image-description=\"&lt;p&gt;Opinel custom N\u00b08 palissandre olivier&lt;\/p&gt;\n\" data-image-caption=\"&lt;p&gt;Opinel custom N\u00b08 palissandre olivier&lt;\/p&gt;\n\" data-medium-file=\"https:\/\/www.couteaux-montlahuc.com\/WordPress3\/wp-content\/uploads\/2013\/05\/8VRN-palissandre-olivier-300x153.jpg\" data-large-file=\"https:\/\/www.couteaux-montlahuc.com\/WordPress3\/wp-content\/uploads\/2013\/05\/8VRN-palissandre-olivier.jpg\" class=\"size-medium wp-image-465\" alt=\"Opinel custom N\u00b08 palissandre olivier\" src=\"http:\/\/www.couteaux-montlahuc.com\/WordPress3\/wp-content\/uploads\/2013\/05\/8VRN-palissandre-olivier-300x153.jpg\" width=\"300\" height=\"153\" srcset=\"https:\/\/www.couteaux-montlahuc.com\/WordPress3\/wp-content\/uploads\/2013\/05\/8VRN-palissandre-olivier-300x153.jpg 300w, https:\/\/www.couteaux-montlahuc.com\/WordPress3\/wp-content\/uploads\/2013\/05\/8VRN-palissandre-olivier.jpg 794w\" sizes=\"auto, (max-width: 300px) 100vw, 300px\" \/><\/a><p id=\"caption-attachment-465\" class=\"wp-caption-text\">Opinel custom N\u00b08 palissandre olivier<\/p><\/div>\n","protected":false},"excerpt":{"rendered":"<p>Pour cette r\u00e9alisation j&rsquo;ai choisi un palissandre clair et du bel olivier du Var, avec des intercalaires de couleur noire. Le talon en bec de corbin, avec sa forme complice de la main \u00e9tait tout indiqu\u00e9. Il est \u00e9quip\u00e9 d&rsquo;une lame en acier au carbone guilloch\u00e9e.<\/p>\n","protected":false},"author":1,"featured_media":0,"comment_status":"closed","ping_status":"open","sticky":false,"template":"","format":"standard","meta":{"om_disable_all_campaigns":false,"_monsterinsights_skip_tracking":false,"_monsterinsights_sitenote_active":false,"_monsterinsights_sitenote_note":"","_monsterinsights_sitenote_category":0,"_uf_show_specific_survey":0,"_uf_disable_surveys":false,"jetpack_post_was_ever_published":false,"_jetpack_newsletter_access":"","_jetpack_dont_email_post_to_subs":false,"_jetpack_newsletter_tier_id":0,"_jetpack_memberships_contains_paywalled_content":false,"_jetpack_memberships_contains_paid_content":false,"footnotes":"","jetpack_publicize_message":"","jetpack_publicize_feature_enabled":true,"jetpack_social_post_already_shared":true,"jetpack_social_options":{"image_generator_settings":{"template":"highway","enabled":false}}},"categories":[3,6],"tags":[83,23,29,34,82,37,81],"class_list":["post-464","post","type-post","status-publish","format-standard","hentry","category-bois","category-marqueterie","tag-carbone","tag-custom","tag-michel-montlahuc","tag-n8","tag-olivier","tag-opinel","tag-palissandre"],"jetpack_publicize_connections":[],"aioseo_notices":[],"jetpack_featured_media_url":"","jetpack_sharing_enabled":true,"jetpack_shortlink":"https:\/\/wp.me\/p1Ny4E-7u","jetpack_likes_enabled":true,"_links":{"self":[{"href":"https:\/\/www.couteaux-montlahuc.com\/index.php?rest_route=\/wp\/v2\/posts\/464","targetHints":{"allow":["GET"]}}],"collection":[{"href":"https:\/\/www.couteaux-montlahuc.com\/index.php?rest_route=\/wp\/v2\/posts"}],"about":[{"href":"https:\/\/www.couteaux-montlahuc.com\/index.php?rest_route=\/wp\/v2\/types\/post"}],"author":[{"embeddable":true,"href":"https:\/\/www.couteaux-montlahuc.com\/index.php?rest_route=\/wp\/v2\/users\/1"}],"replies":[{"embeddable":true,"href":"https:\/\/www.couteaux-montlahuc.com\/index.php?rest_route=%2Fwp%2Fv2%2Fcomments&post=464"}],"version-history":[{"count":1,"href":"https:\/\/www.couteaux-montlahuc.com\/index.php?rest_route=\/wp\/v2\/posts\/464\/revisions"}],"predecessor-version":[{"id":466,"href":"https:\/\/www.couteaux-montlahuc.com\/index.php?rest_route=\/wp\/v2\/posts\/464\/revisions\/466"}],"wp:attachment":[{"href":"https:\/\/www.couteaux-montlahuc.com\/index.php?rest_route=%2Fwp%2Fv2%2Fmedia&parent=464"}],"wp:term":[{"taxonomy":"category","embeddable":true,"href":"https:\/\/www.couteaux-montlahuc.com\/index.php?rest_route=%2Fwp%2Fv2%2Fcategories&post=464"},{"taxonomy":"post_tag","embeddable":true,"href":"https:\/\/www.couteaux-montlahuc.com\/index.php?rest_route=%2Fwp%2Fv2%2Ftags&post=464"}],"curies":[{"name":"wp","href":"https:\/\/api.w.org\/{rel}","templated":true}]}}