{"id":468,"date":"2013-08-09T08:41:43","date_gmt":"2013-08-09T06:41:43","guid":{"rendered":"http:\/\/www.couteaux-montlahuc.com\/?p=468"},"modified":"2019-11-08T10:24:46","modified_gmt":"2019-11-08T09:24:46","slug":"opinel-custom-effile-08-en-bois-de-chevreuil-et-ebene","status":"publish","type":"post","link":"https:\/\/www.couteaux-montlahuc.com\/?p=468","title":{"rendered":"Opinel custom Effil\u00e9 08 en bois de chevreuil et \u00e9b\u00e8ne"},"content":{"rendered":"<p>Le bois de chevreuil est toujours appr\u00e9ci\u00e9 en tant que manche de couteau mais aussi souvent assez peu adapt\u00e9 au niveau des dimensions. J&rsquo;ai contourn\u00e9 cet inconv\u00e9nient en ajoutant une pi\u00e8ce une \u00e9b\u00e8ne. Lame inox 8 cm polie miroir et guilloch\u00e9e. Voici le r\u00e9sultat :<\/p>\n<div id=\"attachment_469\" style=\"width: 310px\" class=\"wp-caption aligncenter\"><a href=\"http:\/\/www.couteaux-montlahuc.com\/WordPress3\/wp-content\/uploads\/2013\/08\/Effil\u00e9-08-chevreuil-\u00e9b\u00e8ne.jpg\"><img loading=\"lazy\" decoding=\"async\" aria-describedby=\"caption-attachment-469\" data-attachment-id=\"469\" data-permalink=\"https:\/\/www.couteaux-montlahuc.com\/?attachment_id=469\" data-orig-file=\"https:\/\/www.couteaux-montlahuc.com\/WordPress3\/wp-content\/uploads\/2013\/08\/Effil\u00e9-08-chevreuil-\u00e9b\u00e8ne.jpg\" data-orig-size=\"794,358\" data-comments-opened=\"0\" data-image-meta=\"{&quot;aperture&quot;:&quot;4&quot;,&quot;credit&quot;:&quot;&quot;,&quot;camera&quot;:&quot;SP600UZ&quot;,&quot;caption&quot;:&quot;&quot;,&quot;created_timestamp&quot;:&quot;1375114109&quot;,&quot;copyright&quot;:&quot;&quot;,&quot;focal_length&quot;:&quot;9.1&quot;,&quot;iso&quot;:&quot;100&quot;,&quot;shutter_speed&quot;:&quot;0.008&quot;,&quot;title&quot;:&quot;OLYMPUS DIGITAL CAMERA&quot;}\" data-image-title=\"OLYMPUS DIGITAL CAMERA\" data-image-description=\"&lt;p&gt;Opinel Effil\u00e9 08 custom en bois de chevreuil et \u00e9b\u00e8ne&lt;\/p&gt;\n\" data-image-caption=\"&lt;p&gt;Opinel Effil\u00e9 08 custom en bois de chevreuil et \u00e9b\u00e8ne&lt;\/p&gt;\n\" data-medium-file=\"https:\/\/www.couteaux-montlahuc.com\/WordPress3\/wp-content\/uploads\/2013\/08\/Effil\u00e9-08-chevreuil-\u00e9b\u00e8ne-300x135.jpg\" data-large-file=\"https:\/\/www.couteaux-montlahuc.com\/WordPress3\/wp-content\/uploads\/2013\/08\/Effil\u00e9-08-chevreuil-\u00e9b\u00e8ne.jpg\" class=\"size-medium wp-image-469\" alt=\"Opinel Effil\u00e9 08 custom en bois de chevreuil et \u00e9b\u00e8ne\" src=\"http:\/\/www.couteaux-montlahuc.com\/WordPress3\/wp-content\/uploads\/2013\/08\/Effil\u00e9-08-chevreuil-\u00e9b\u00e8ne-300x135.jpg\" width=\"300\" height=\"135\" srcset=\"https:\/\/www.couteaux-montlahuc.com\/WordPress3\/wp-content\/uploads\/2013\/08\/Effil\u00e9-08-chevreuil-\u00e9b\u00e8ne-300x135.jpg 300w, https:\/\/www.couteaux-montlahuc.com\/WordPress3\/wp-content\/uploads\/2013\/08\/Effil\u00e9-08-chevreuil-\u00e9b\u00e8ne.jpg 794w\" sizes=\"auto, (max-width: 300px) 100vw, 300px\" \/><\/a><p id=\"caption-attachment-469\" class=\"wp-caption-text\">Opinel Effil\u00e9 08 custom en bois de chevreuil et \u00e9b\u00e8ne<\/p><\/div>\n","protected":false},"excerpt":{"rendered":"<p>Le bois de chevreuil est toujours appr\u00e9ci\u00e9 en tant que manche de couteau mais aussi souvent assez peu adapt\u00e9 au niveau des dimensions. J&rsquo;ai contourn\u00e9 cet inconv\u00e9nient en ajoutant une pi\u00e8ce une \u00e9b\u00e8ne. Lame inox 8 cm polie miroir et guilloch\u00e9e. Voici le r\u00e9sultat :<\/p>\n","protected":false},"author":1,"featured_media":0,"comment_status":"closed","ping_status":"open","sticky":false,"template":"","format":"standard","meta":{"om_disable_all_campaigns":false,"_monsterinsights_skip_tracking":false,"_monsterinsights_sitenote_active":false,"_monsterinsights_sitenote_note":"","_monsterinsights_sitenote_category":0,"_uf_show_specific_survey":0,"_uf_disable_surveys":false,"jetpack_post_was_ever_published":false,"_jetpack_newsletter_access":"","_jetpack_dont_email_post_to_subs":false,"_jetpack_newsletter_tier_id":0,"_jetpack_memberships_contains_paywalled_content":false,"_jetpack_memberships_contains_paid_content":false,"footnotes":"","jetpack_publicize_message":"","jetpack_publicize_feature_enabled":true,"jetpack_social_post_already_shared":true,"jetpack_social_options":{"image_generator_settings":{"template":"highway","enabled":false}}},"categories":[3,4],"tags":[56,23,84,65,29,37],"class_list":["post-468","post","type-post","status-publish","format-standard","hentry","category-bois","category-bois-de-cervides-cornes","tag-bois-de-chevreuil","tag-custom","tag-ebene","tag-effile","tag-michel-montlahuc","tag-opinel"],"jetpack_publicize_connections":[],"aioseo_notices":[],"jetpack_featured_media_url":"","jetpack_sharing_enabled":true,"jetpack_shortlink":"https:\/\/wp.me\/p1Ny4E-7y","jetpack_likes_enabled":true,"_links":{"self":[{"href":"https:\/\/www.couteaux-montlahuc.com\/index.php?rest_route=\/wp\/v2\/posts\/468","targetHints":{"allow":["GET"]}}],"collection":[{"href":"https:\/\/www.couteaux-montlahuc.com\/index.php?rest_route=\/wp\/v2\/posts"}],"about":[{"href":"https:\/\/www.couteaux-montlahuc.com\/index.php?rest_route=\/wp\/v2\/types\/post"}],"author":[{"embeddable":true,"href":"https:\/\/www.couteaux-montlahuc.com\/index.php?rest_route=\/wp\/v2\/users\/1"}],"replies":[{"embeddable":true,"href":"https:\/\/www.couteaux-montlahuc.com\/index.php?rest_route=%2Fwp%2Fv2%2Fcomments&post=468"}],"version-history":[{"count":1,"href":"https:\/\/www.couteaux-montlahuc.com\/index.php?rest_route=\/wp\/v2\/posts\/468\/revisions"}],"predecessor-version":[{"id":470,"href":"https:\/\/www.couteaux-montlahuc.com\/index.php?rest_route=\/wp\/v2\/posts\/468\/revisions\/470"}],"wp:attachment":[{"href":"https:\/\/www.couteaux-montlahuc.com\/index.php?rest_route=%2Fwp%2Fv2%2Fmedia&parent=468"}],"wp:term":[{"taxonomy":"category","embeddable":true,"href":"https:\/\/www.couteaux-montlahuc.com\/index.php?rest_route=%2Fwp%2Fv2%2Fcategories&post=468"},{"taxonomy":"post_tag","embeddable":true,"href":"https:\/\/www.couteaux-montlahuc.com\/index.php?rest_route=%2Fwp%2Fv2%2Ftags&post=468"}],"curies":[{"name":"wp","href":"https:\/\/api.w.org\/{rel}","templated":true}]}}