{"id":487,"date":"2014-06-29T22:35:44","date_gmt":"2014-06-29T20:35:44","guid":{"rendered":"http:\/\/www.couteaux-montlahuc.com\/?p=487"},"modified":"2019-11-08T10:24:46","modified_gmt":"2019-11-08T09:24:46","slug":"le-musee-opinel-fete-ses-25-ans-le-10-juillet-2014","status":"publish","type":"post","link":"https:\/\/www.couteaux-montlahuc.com\/?p=487","title":{"rendered":"Le Mus\u00e9e Opinel f\u00eate ses 25 ans le 10 juillet 2014"},"content":{"rendered":"<p>Bonjour \u00e0 tous,<\/p>\n<p>Voici le programme de cette journ\u00e9e envoy\u00e9 par le Mus\u00e9e :<\/p>\n<p>&nbsp;<\/p>\n<blockquote><p>Je vous informe que les 25 ans du mus\u00e9e Opinel auront lieu en juillet, le 10 juillet exactement soit 25 ans jour pour jour apr\u00e8s l\u2019ouverture du mus\u00e9e en 1989.<\/p>\n<p>L\u2019apr\u00e8s-midi nous avons pr\u00e9vu une animation\u00a0: \u00ab\u00a0la chasse \u00e0 l\u2019Opinel\u00a0\u00bb<\/p>\n<p>Il s\u2019agira d\u2019un parcours en orientation dans Saint Jean de Maurienne sur le th\u00e8me de l\u2019Opinel.<\/p>\n<p>Cette animation est limit\u00e9e \u00e0 50 participants et la r\u00e9servation est donc fortement conseill\u00e9e.<\/p>\n<p>Il sera demand\u00e9 une pi\u00e8ce de 1\u20ac pour la participation \u00e0 cette chasse \u00e0 l\u2019opinel.<\/p>\n<p>En fin d\u2019apr\u00e8s-midi, nous aurons bien entendu un g\u00e2teau d\u2019anniversaire.<\/p>\n<p>Vous \u00eates tous cordialement invit\u00e9s \u00e0 cette journ\u00e9e o\u00f9 sera d\u00e9voil\u00e9 un couteau comm\u00e9moratif limit\u00e9 \u00e0 100 exemplaires num\u00e9rot\u00e9s.<\/p>\n<p>Nous pourrons bien entendu le mettre de c\u00f4t\u00e9 si vous ne pouvez pas vous d\u00e9placer.<\/p>\n<p>J\u2019esp\u00e8re que nous aurons le plaisir de vous retrouver ce jour-l\u00e0.<\/p>\n<p>&nbsp;<\/p><\/blockquote>\n","protected":false},"excerpt":{"rendered":"<p>Bonjour \u00e0 tous, Voici le programme de cette journ\u00e9e envoy\u00e9 par le Mus\u00e9e : &nbsp; Je vous informe que les 25 ans du mus\u00e9e Opinel auront lieu en juillet, le 10 juillet exactement soit 25 ans jour pour jour apr\u00e8s l\u2019ouverture du mus\u00e9e en 1989. L\u2019apr\u00e8s-midi nous avons pr\u00e9vu une animation\u00a0: \u00ab\u00a0la chasse \u00e0 l\u2019Opinel\u00a0\u00bb [&hellip;]<\/p>\n","protected":false},"author":1,"featured_media":0,"comment_status":"closed","ping_status":"open","sticky":false,"template":"","format":"standard","meta":{"om_disable_all_campaigns":false,"_monsterinsights_skip_tracking":false,"_monsterinsights_sitenote_active":false,"_monsterinsights_sitenote_note":"","_monsterinsights_sitenote_category":0,"_uf_show_specific_survey":0,"_uf_disable_surveys":false,"jetpack_post_was_ever_published":false,"_jetpack_newsletter_access":"","_jetpack_dont_email_post_to_subs":false,"_jetpack_newsletter_tier_id":0,"_jetpack_memberships_contains_paywalled_content":false,"_jetpack_memberships_contains_paid_content":false,"footnotes":"","jetpack_publicize_message":"","jetpack_publicize_feature_enabled":true,"jetpack_social_post_already_shared":true,"jetpack_social_options":{"image_generator_settings":{"template":"highway","enabled":false}}},"categories":[53],"tags":[],"class_list":["post-487","post","type-post","status-publish","format-standard","hentry","category-annonces"],"jetpack_publicize_connections":[],"aioseo_notices":[],"jetpack_featured_media_url":"","jetpack_sharing_enabled":true,"jetpack_shortlink":"https:\/\/wp.me\/p1Ny4E-7R","jetpack_likes_enabled":true,"_links":{"self":[{"href":"https:\/\/www.couteaux-montlahuc.com\/index.php?rest_route=\/wp\/v2\/posts\/487","targetHints":{"allow":["GET"]}}],"collection":[{"href":"https:\/\/www.couteaux-montlahuc.com\/index.php?rest_route=\/wp\/v2\/posts"}],"about":[{"href":"https:\/\/www.couteaux-montlahuc.com\/index.php?rest_route=\/wp\/v2\/types\/post"}],"author":[{"embeddable":true,"href":"https:\/\/www.couteaux-montlahuc.com\/index.php?rest_route=\/wp\/v2\/users\/1"}],"replies":[{"embeddable":true,"href":"https:\/\/www.couteaux-montlahuc.com\/index.php?rest_route=%2Fwp%2Fv2%2Fcomments&post=487"}],"version-history":[{"count":1,"href":"https:\/\/www.couteaux-montlahuc.com\/index.php?rest_route=\/wp\/v2\/posts\/487\/revisions"}],"predecessor-version":[{"id":489,"href":"https:\/\/www.couteaux-montlahuc.com\/index.php?rest_route=\/wp\/v2\/posts\/487\/revisions\/489"}],"wp:attachment":[{"href":"https:\/\/www.couteaux-montlahuc.com\/index.php?rest_route=%2Fwp%2Fv2%2Fmedia&parent=487"}],"wp:term":[{"taxonomy":"category","embeddable":true,"href":"https:\/\/www.couteaux-montlahuc.com\/index.php?rest_route=%2Fwp%2Fv2%2Fcategories&post=487"},{"taxonomy":"post_tag","embeddable":true,"href":"https:\/\/www.couteaux-montlahuc.com\/index.php?rest_route=%2Fwp%2Fv2%2Ftags&post=487"}],"curies":[{"name":"wp","href":"https:\/\/api.w.org\/{rel}","templated":true}]}}