{"id":50,"date":"2010-06-15T17:23:19","date_gmt":"2010-06-15T15:23:19","guid":{"rendered":"http:\/\/michelmontlahuc.wordpress.com\/?p=50"},"modified":"2014-01-06T20:39:09","modified_gmt":"2014-01-06T19:39:09","slug":"coutellerie-christophe-richard","status":"publish","type":"post","link":"https:\/\/www.couteaux-montlahuc.com\/?p=50","title":{"rendered":"Coutellerie Christophe RICHARD"},"content":{"rendered":"<p>Install\u00e9 au Pays Basque, Christophe vous propose une gamme de couteaux pliants r\u00e9gionaux. Il s&rsquo;est fait une sp\u00e9cialit\u00e9 du couteau Capucin, ce couteau de berger traditionnel tr\u00e8s utilis\u00e9 dans les Pyr\u00e9n\u00e9es et du deux clous.<\/p>\n<div id=\"attachment_51\" style=\"width: 310px\" class=\"wp-caption aligncenter\"><a href=\"http:\/\/www.couteaux-montlahuc.com\/WordPress3\/wp-content\/uploads\/2010\/06\/if-de-normandie1.jpg\"><img loading=\"lazy\" decoding=\"async\" aria-describedby=\"caption-attachment-51\" data-attachment-id=\"51\" data-permalink=\"https:\/\/www.couteaux-montlahuc.com\/?attachment_id=51\" data-orig-file=\"https:\/\/www.couteaux-montlahuc.com\/WordPress3\/wp-content\/uploads\/2010\/06\/if-de-normandie1.jpg\" data-orig-size=\"800,223\" data-comments-opened=\"1\" data-image-meta=\"{&quot;aperture&quot;:&quot;0&quot;,&quot;credit&quot;:&quot;&quot;,&quot;camera&quot;:&quot;&quot;,&quot;caption&quot;:&quot;&quot;,&quot;created_timestamp&quot;:&quot;0&quot;,&quot;copyright&quot;:&quot;&quot;,&quot;focal_length&quot;:&quot;0&quot;,&quot;iso&quot;:&quot;0&quot;,&quot;shutter_speed&quot;:&quot;0&quot;,&quot;title&quot;:&quot;&quot;}\" data-image-title=\"Capucin en if de normandie\" data-image-description=\"&lt;p&gt;Couteau deux clous, appel\u00e9 capucin. Manche en if.&lt;\/p&gt;\n\" data-image-caption=\"&lt;p&gt;Couteau Capucin en if par Christophe RICHARD&lt;\/p&gt;\n\" data-medium-file=\"https:\/\/www.couteaux-montlahuc.com\/WordPress3\/wp-content\/uploads\/2010\/06\/if-de-normandie1-300x83.jpg\" data-large-file=\"https:\/\/www.couteaux-montlahuc.com\/WordPress3\/wp-content\/uploads\/2010\/06\/if-de-normandie1.jpg\" class=\"size-medium wp-image-51\" title=\"Capucin en if de normandie\" alt=\"Couteau capucin en if\" src=\"http:\/\/www.couteaux-montlahuc.com\/WordPress3\/wp-content\/uploads\/2010\/06\/if-de-normandie1.jpg?w=300\" width=\"300\" height=\"83\" srcset=\"https:\/\/www.couteaux-montlahuc.com\/WordPress3\/wp-content\/uploads\/2010\/06\/if-de-normandie1.jpg 800w, https:\/\/www.couteaux-montlahuc.com\/WordPress3\/wp-content\/uploads\/2010\/06\/if-de-normandie1-300x83.jpg 300w\" sizes=\"auto, (max-width: 300px) 100vw, 300px\" \/><\/a><p id=\"caption-attachment-51\" class=\"wp-caption-text\">Couteau Capucin en if par Christophe RICHARD<\/p><\/div>\n<div id=\"attachment_52\" style=\"width: 310px\" class=\"wp-caption aligncenter\"><a href=\"http:\/\/www.couteaux-montlahuc.com\/WordPress3\/wp-content\/uploads\/2010\/06\/buis-de-navarre1.jpg\"><img loading=\"lazy\" decoding=\"async\" aria-describedby=\"caption-attachment-52\" data-attachment-id=\"52\" data-permalink=\"https:\/\/www.couteaux-montlahuc.com\/?attachment_id=52\" data-orig-file=\"https:\/\/www.couteaux-montlahuc.com\/WordPress3\/wp-content\/uploads\/2010\/06\/buis-de-navarre1.jpg\" data-orig-size=\"800,424\" data-comments-opened=\"1\" data-image-meta=\"{&quot;aperture&quot;:&quot;0&quot;,&quot;credit&quot;:&quot;&quot;,&quot;camera&quot;:&quot;&quot;,&quot;caption&quot;:&quot;&quot;,&quot;created_timestamp&quot;:&quot;0&quot;,&quot;copyright&quot;:&quot;&quot;,&quot;focal_length&quot;:&quot;0&quot;,&quot;iso&quot;:&quot;0&quot;,&quot;shutter_speed&quot;:&quot;0&quot;,&quot;title&quot;:&quot;&quot;}\" data-image-title=\"Couteau Capucin en buis de Navarre\" data-image-description=\"&lt;p&gt;Autre mod\u00e8le en buis de Navarre.&lt;\/p&gt;\n\" data-image-caption=\"&lt;p&gt;Couteau Capucin en buis de Navarre par Christophe RICHARD&lt;\/p&gt;\n\" data-medium-file=\"https:\/\/www.couteaux-montlahuc.com\/WordPress3\/wp-content\/uploads\/2010\/06\/buis-de-navarre1-300x159.jpg\" data-large-file=\"https:\/\/www.couteaux-montlahuc.com\/WordPress3\/wp-content\/uploads\/2010\/06\/buis-de-navarre1.jpg\" class=\"size-medium wp-image-52\" title=\"Couteau Capucin en buis de Navarre\" alt=\"Couteau Capucin en buis de Navarre\" src=\"http:\/\/www.couteaux-montlahuc.com\/WordPress3\/wp-content\/uploads\/2010\/06\/buis-de-navarre1.jpg?w=300\" width=\"300\" height=\"159\" srcset=\"https:\/\/www.couteaux-montlahuc.com\/WordPress3\/wp-content\/uploads\/2010\/06\/buis-de-navarre1.jpg 800w, https:\/\/www.couteaux-montlahuc.com\/WordPress3\/wp-content\/uploads\/2010\/06\/buis-de-navarre1-300x159.jpg 300w\" sizes=\"auto, (max-width: 300px) 100vw, 300px\" \/><\/a><p id=\"caption-attachment-52\" class=\"wp-caption-text\">Couteau Capucin en buis de Navarre par Christophe RICHARD<\/p><\/div>\n<p>Il peut \u00e9galement assurer la restauration et l&rsquo;aff\u00fbtage de vos couteaux. Vous d\u00e9couvrirez son travail de mani\u00e8re plus d\u00e9taill\u00e9e sur <a title=\"Coutellerie Christophe RICHARD\" href=\"http:\/\/www.christophe-richard.com\/\" target=\"_blank\">son blog<\/a>.<\/p>\n","protected":false},"excerpt":{"rendered":"<p>Install\u00e9 au Pays Basque, Christophe vous propose une gamme de couteaux pliants r\u00e9gionaux. Il s&rsquo;est fait une sp\u00e9cialit\u00e9 du couteau Capucin, ce couteau de berger traditionnel tr\u00e8s utilis\u00e9 dans les Pyr\u00e9n\u00e9es et du deux clous. Il peut \u00e9galement assurer la restauration et l&rsquo;aff\u00fbtage de vos couteaux. Vous d\u00e9couvrirez son travail de mani\u00e8re plus d\u00e9taill\u00e9e sur [&hellip;]<\/p>\n","protected":false},"author":1,"featured_media":0,"comment_status":"open","ping_status":"open","sticky":false,"template":"","format":"standard","meta":{"om_disable_all_campaigns":false,"_monsterinsights_skip_tracking":false,"_monsterinsights_sitenote_active":false,"_monsterinsights_sitenote_note":"","_monsterinsights_sitenote_category":0,"_uf_show_specific_survey":0,"_uf_disable_surveys":false,"jetpack_post_was_ever_published":false,"_jetpack_newsletter_access":"","_jetpack_dont_email_post_to_subs":false,"_jetpack_newsletter_tier_id":0,"_jetpack_memberships_contains_paywalled_content":false,"_jetpack_memberships_contains_paid_content":false,"footnotes":"","jetpack_publicize_message":"","jetpack_publicize_feature_enabled":true,"jetpack_social_post_already_shared":false,"jetpack_social_options":{"image_generator_settings":{"template":"highway","enabled":false}}},"categories":[5],"tags":[16,18,21,22,38],"class_list":["post-50","post","type-post","status-publish","format-standard","hentry","category-general","tag-capucin","tag-christophe-richard","tag-couteau","tag-coutellerie","tag-pays-pasque"],"jetpack_publicize_connections":[],"aioseo_notices":[],"jetpack_featured_media_url":"","jetpack_sharing_enabled":true,"jetpack_shortlink":"https:\/\/wp.me\/p1Ny4E-O","jetpack_likes_enabled":true,"_links":{"self":[{"href":"https:\/\/www.couteaux-montlahuc.com\/index.php?rest_route=\/wp\/v2\/posts\/50","targetHints":{"allow":["GET"]}}],"collection":[{"href":"https:\/\/www.couteaux-montlahuc.com\/index.php?rest_route=\/wp\/v2\/posts"}],"about":[{"href":"https:\/\/www.couteaux-montlahuc.com\/index.php?rest_route=\/wp\/v2\/types\/post"}],"author":[{"embeddable":true,"href":"https:\/\/www.couteaux-montlahuc.com\/index.php?rest_route=\/wp\/v2\/users\/1"}],"replies":[{"embeddable":true,"href":"https:\/\/www.couteaux-montlahuc.com\/index.php?rest_route=%2Fwp%2Fv2%2Fcomments&post=50"}],"version-history":[{"count":2,"href":"https:\/\/www.couteaux-montlahuc.com\/index.php?rest_route=\/wp\/v2\/posts\/50\/revisions"}],"predecessor-version":[{"id":480,"href":"https:\/\/www.couteaux-montlahuc.com\/index.php?rest_route=\/wp\/v2\/posts\/50\/revisions\/480"}],"wp:attachment":[{"href":"https:\/\/www.couteaux-montlahuc.com\/index.php?rest_route=%2Fwp%2Fv2%2Fmedia&parent=50"}],"wp:term":[{"taxonomy":"category","embeddable":true,"href":"https:\/\/www.couteaux-montlahuc.com\/index.php?rest_route=%2Fwp%2Fv2%2Fcategories&post=50"},{"taxonomy":"post_tag","embeddable":true,"href":"https:\/\/www.couteaux-montlahuc.com\/index.php?rest_route=%2Fwp%2Fv2%2Ftags&post=50"}],"curies":[{"name":"wp","href":"https:\/\/api.w.org\/{rel}","templated":true}]}}