{"id":532,"date":"2016-03-02T22:15:36","date_gmt":"2016-03-02T21:15:36","guid":{"rendered":"http:\/\/www.couteaux-montlahuc.com\/?p=532"},"modified":"2019-11-08T10:24:45","modified_gmt":"2019-11-08T09:24:45","slug":"salon-du-couteau-de-nyons-2016-5-et-6-mars","status":"publish","type":"post","link":"https:\/\/www.couteaux-montlahuc.com\/?p=532","title":{"rendered":"Salon du couteau de Nyons 2016 &#8211; 5 et 6 mars"},"content":{"rendered":"<p>J&rsquo;aurai le plaisir de vous retrouver au 20e salon du couteau de Nyons. N\u2019h\u00e9sitez pas \u00e0 vous arr\u00eater. Des nouveaut\u00e9s vous attendent dans tous les domaines. Vous trouverez tous les renseignements sur le blog du\u00a0 <a href=\"http:\/\/salonducouteaudenyons.blogspot.fr\/\" target=\"_blank\" rel=\"noopener noreferrer\">Salon du couteau de Nyons<\/a>.<\/p>\n<p>&nbsp;<\/p>\n<div id=\"attachment_533\" style=\"width: 243px\" class=\"wp-caption aligncenter\"><img loading=\"lazy\" decoding=\"async\" aria-describedby=\"caption-attachment-533\" data-attachment-id=\"533\" data-permalink=\"https:\/\/www.couteaux-montlahuc.com\/?attachment_id=533\" data-orig-file=\"https:\/\/www.couteaux-montlahuc.com\/WordPress3\/wp-content\/uploads\/2016\/03\/Affiche-Salon-de-Nyons-2016.jpg\" data-orig-size=\"745,960\" data-comments-opened=\"0\" data-image-meta=\"{&quot;aperture&quot;:&quot;0&quot;,&quot;credit&quot;:&quot;&quot;,&quot;camera&quot;:&quot;&quot;,&quot;caption&quot;:&quot;&quot;,&quot;created_timestamp&quot;:&quot;0&quot;,&quot;copyright&quot;:&quot;&quot;,&quot;focal_length&quot;:&quot;0&quot;,&quot;iso&quot;:&quot;0&quot;,&quot;shutter_speed&quot;:&quot;0&quot;,&quot;title&quot;:&quot;&quot;,&quot;orientation&quot;:&quot;0&quot;}\" data-image-title=\"Affiche Salon de Nyons 2016\" data-image-description=\"&lt;p&gt;Salon du couteau de Nyons 5 et 6  mars 2016.&lt;\/p&gt;\n\" data-image-caption=\"&lt;p&gt;Salon du couteau de Nyons 2016&lt;\/p&gt;\n\" data-medium-file=\"https:\/\/www.couteaux-montlahuc.com\/WordPress3\/wp-content\/uploads\/2016\/03\/Affiche-Salon-de-Nyons-2016-233x300.jpg\" data-large-file=\"https:\/\/www.couteaux-montlahuc.com\/WordPress3\/wp-content\/uploads\/2016\/03\/Affiche-Salon-de-Nyons-2016.jpg\" class=\"size-medium wp-image-533\" src=\"http:\/\/www.couteaux-montlahuc.com\/WordPress3\/wp-content\/uploads\/2016\/03\/Affiche-Salon-de-Nyons-2016-233x300.jpg\" alt=\"Salon du couteau de Nyons 5 et 6 mars 2016.\" width=\"233\" height=\"300\" srcset=\"https:\/\/www.couteaux-montlahuc.com\/WordPress3\/wp-content\/uploads\/2016\/03\/Affiche-Salon-de-Nyons-2016-233x300.jpg 233w, https:\/\/www.couteaux-montlahuc.com\/WordPress3\/wp-content\/uploads\/2016\/03\/Affiche-Salon-de-Nyons-2016.jpg 745w\" sizes=\"auto, (max-width: 233px) 100vw, 233px\" \/><p id=\"caption-attachment-533\" class=\"wp-caption-text\">Salon du couteau de Nyons 2016<\/p><\/div>\n","protected":false},"excerpt":{"rendered":"<p>J&rsquo;aurai le plaisir de vous retrouver au 20e salon du couteau de Nyons. N\u2019h\u00e9sitez pas \u00e0 vous arr\u00eater. Des nouveaut\u00e9s vous attendent dans tous les domaines. Vous trouverez tous les renseignements sur le blog du\u00a0 Salon du couteau de Nyons. &nbsp;<\/p>\n","protected":false},"author":1,"featured_media":0,"comment_status":"closed","ping_status":"open","sticky":false,"template":"","format":"standard","meta":{"om_disable_all_campaigns":false,"_monsterinsights_skip_tracking":false,"_monsterinsights_sitenote_active":false,"_monsterinsights_sitenote_note":"","_monsterinsights_sitenote_category":0,"_uf_show_specific_survey":0,"_uf_disable_surveys":false,"jetpack_post_was_ever_published":false,"_jetpack_newsletter_access":"","_jetpack_dont_email_post_to_subs":false,"_jetpack_newsletter_tier_id":0,"_jetpack_memberships_contains_paywalled_content":false,"_jetpack_memberships_contains_paid_content":false,"footnotes":"","jetpack_publicize_message":"","jetpack_publicize_feature_enabled":true,"jetpack_social_post_already_shared":true,"jetpack_social_options":{"image_generator_settings":{"template":"highway","enabled":false}}},"categories":[53],"tags":[],"class_list":["post-532","post","type-post","status-publish","format-standard","hentry","category-annonces"],"jetpack_publicize_connections":[],"aioseo_notices":[],"jetpack_featured_media_url":"","jetpack_sharing_enabled":true,"jetpack_shortlink":"https:\/\/wp.me\/p1Ny4E-8A","jetpack_likes_enabled":true,"_links":{"self":[{"href":"https:\/\/www.couteaux-montlahuc.com\/index.php?rest_route=\/wp\/v2\/posts\/532","targetHints":{"allow":["GET"]}}],"collection":[{"href":"https:\/\/www.couteaux-montlahuc.com\/index.php?rest_route=\/wp\/v2\/posts"}],"about":[{"href":"https:\/\/www.couteaux-montlahuc.com\/index.php?rest_route=\/wp\/v2\/types\/post"}],"author":[{"embeddable":true,"href":"https:\/\/www.couteaux-montlahuc.com\/index.php?rest_route=\/wp\/v2\/users\/1"}],"replies":[{"embeddable":true,"href":"https:\/\/www.couteaux-montlahuc.com\/index.php?rest_route=%2Fwp%2Fv2%2Fcomments&post=532"}],"version-history":[{"count":2,"href":"https:\/\/www.couteaux-montlahuc.com\/index.php?rest_route=\/wp\/v2\/posts\/532\/revisions"}],"predecessor-version":[{"id":561,"href":"https:\/\/www.couteaux-montlahuc.com\/index.php?rest_route=\/wp\/v2\/posts\/532\/revisions\/561"}],"wp:attachment":[{"href":"https:\/\/www.couteaux-montlahuc.com\/index.php?rest_route=%2Fwp%2Fv2%2Fmedia&parent=532"}],"wp:term":[{"taxonomy":"category","embeddable":true,"href":"https:\/\/www.couteaux-montlahuc.com\/index.php?rest_route=%2Fwp%2Fv2%2Fcategories&post=532"},{"taxonomy":"post_tag","embeddable":true,"href":"https:\/\/www.couteaux-montlahuc.com\/index.php?rest_route=%2Fwp%2Fv2%2Ftags&post=532"}],"curies":[{"name":"wp","href":"https:\/\/api.w.org\/{rel}","templated":true}]}}