{"id":550,"date":"2019-11-05T13:56:04","date_gmt":"2019-11-05T12:56:04","guid":{"rendered":"http:\/\/www.couteaux-montlahuc.com\/?p=550"},"modified":"2019-11-08T10:24:45","modified_gmt":"2019-11-08T09:24:45","slug":"opinel-custom-n9-en-bois-de-cerf","status":"publish","type":"post","link":"https:\/\/www.couteaux-montlahuc.com\/?p=550","title":{"rendered":"Opinel custom N\u00b09 en bois de cerf"},"content":{"rendered":"\n<p class=\"has-drop-cap\">Opinel custom N\u00b09 en bois de cerf poli, r\u00e9alis\u00e9 \u00e0 partir d&rsquo;un andouiller fin faiblement perl\u00e9. Lame inox avec guillochage v\u00e9g\u00e9tal.<\/p>\n\n\n\n<div class=\"wp-block-image\"><figure class=\"aligncenter\"><img loading=\"lazy\" decoding=\"async\" width=\"790\" height=\"571\" data-attachment-id=\"551\" data-permalink=\"https:\/\/www.couteaux-montlahuc.com\/?attachment_id=551\" data-orig-file=\"https:\/\/www.couteaux-montlahuc.com\/WordPress3\/wp-content\/uploads\/2019\/11\/9VRI-cerf-JE-A-1.jpg\" data-orig-size=\"790,571\" data-comments-opened=\"0\" data-image-meta=\"{&quot;aperture&quot;:&quot;1.9&quot;,&quot;credit&quot;:&quot;&quot;,&quot;camera&quot;:&quot;Redmi Note 6 Pro&quot;,&quot;caption&quot;:&quot;&quot;,&quot;created_timestamp&quot;:&quot;1572453911&quot;,&quot;copyright&quot;:&quot;&quot;,&quot;focal_length&quot;:&quot;3.94&quot;,&quot;iso&quot;:&quot;160&quot;,&quot;shutter_speed&quot;:&quot;0.01&quot;,&quot;title&quot;:&quot;&quot;,&quot;orientation&quot;:&quot;1&quot;}\" data-image-title=\"9VRI-cerf-JE-A-1\" data-image-description=\"&lt;p&gt;Opinel custom N\u00b09 en bois de cerf Michel MONTLAHUC&lt;\/p&gt;\n\" data-image-caption=\"&lt;p&gt;Opinel custom N\u00b09 en bois de cerf poli.&lt;\/p&gt;\n\" data-medium-file=\"https:\/\/www.couteaux-montlahuc.com\/WordPress3\/wp-content\/uploads\/2019\/11\/9VRI-cerf-JE-A-1-300x217.jpg\" data-large-file=\"https:\/\/www.couteaux-montlahuc.com\/WordPress3\/wp-content\/uploads\/2019\/11\/9VRI-cerf-JE-A-1.jpg\" src=\"http:\/\/www.couteaux-montlahuc.com\/WordPress3\/wp-content\/uploads\/2019\/11\/9VRI-cerf-JE-A-1.jpg\" alt=\"Opinel custom N\u00b09 en bois de cerf poli.\" class=\"wp-image-551\" srcset=\"https:\/\/www.couteaux-montlahuc.com\/WordPress3\/wp-content\/uploads\/2019\/11\/9VRI-cerf-JE-A-1.jpg 790w, https:\/\/www.couteaux-montlahuc.com\/WordPress3\/wp-content\/uploads\/2019\/11\/9VRI-cerf-JE-A-1-300x217.jpg 300w, https:\/\/www.couteaux-montlahuc.com\/WordPress3\/wp-content\/uploads\/2019\/11\/9VRI-cerf-JE-A-1-768x555.jpg 768w\" sizes=\"auto, (max-width: 790px) 100vw, 790px\" \/><figcaption>Opinel custom N\u00b09 en bois de cerf poli.<\/figcaption><\/figure><\/div>\n","protected":false},"excerpt":{"rendered":"<p>Opinel custom N\u00b09 en bois de cerf poli, r\u00e9alis\u00e9 \u00e0 partir d&rsquo;un andouiller fin faiblement perl\u00e9. Lame inox avec guillochage v\u00e9g\u00e9tal.<\/p>\n","protected":false},"author":1,"featured_media":0,"comment_status":"closed","ping_status":"open","sticky":false,"template":"","format":"standard","meta":{"om_disable_all_campaigns":false,"_monsterinsights_skip_tracking":false,"_monsterinsights_sitenote_active":false,"_monsterinsights_sitenote_note":"","_monsterinsights_sitenote_category":0,"_uf_show_specific_survey":0,"_uf_disable_surveys":false,"jetpack_post_was_ever_published":false,"_jetpack_newsletter_access":"","_jetpack_dont_email_post_to_subs":false,"_jetpack_newsletter_tier_id":0,"_jetpack_memberships_contains_paywalled_content":false,"_jetpack_memberships_contains_paid_content":false,"footnotes":"","jetpack_publicize_message":"","jetpack_publicize_feature_enabled":true,"jetpack_social_post_already_shared":true,"jetpack_social_options":{"image_generator_settings":{"template":"highway","enabled":false}}},"categories":[4],"tags":[93,23,25,30,37],"class_list":["post-550","post","type-post","status-publish","format-standard","hentry","category-bois-de-cervides-cornes","tag-cerf","tag-custom","tag-inox","tag-montlahuc","tag-opinel"],"jetpack_publicize_connections":[],"aioseo_notices":[],"jetpack_featured_media_url":"","jetpack_sharing_enabled":true,"jetpack_shortlink":"https:\/\/wp.me\/p1Ny4E-8S","jetpack_likes_enabled":true,"_links":{"self":[{"href":"https:\/\/www.couteaux-montlahuc.com\/index.php?rest_route=\/wp\/v2\/posts\/550","targetHints":{"allow":["GET"]}}],"collection":[{"href":"https:\/\/www.couteaux-montlahuc.com\/index.php?rest_route=\/wp\/v2\/posts"}],"about":[{"href":"https:\/\/www.couteaux-montlahuc.com\/index.php?rest_route=\/wp\/v2\/types\/post"}],"author":[{"embeddable":true,"href":"https:\/\/www.couteaux-montlahuc.com\/index.php?rest_route=\/wp\/v2\/users\/1"}],"replies":[{"embeddable":true,"href":"https:\/\/www.couteaux-montlahuc.com\/index.php?rest_route=%2Fwp%2Fv2%2Fcomments&post=550"}],"version-history":[{"count":1,"href":"https:\/\/www.couteaux-montlahuc.com\/index.php?rest_route=\/wp\/v2\/posts\/550\/revisions"}],"predecessor-version":[{"id":552,"href":"https:\/\/www.couteaux-montlahuc.com\/index.php?rest_route=\/wp\/v2\/posts\/550\/revisions\/552"}],"wp:attachment":[{"href":"https:\/\/www.couteaux-montlahuc.com\/index.php?rest_route=%2Fwp%2Fv2%2Fmedia&parent=550"}],"wp:term":[{"taxonomy":"category","embeddable":true,"href":"https:\/\/www.couteaux-montlahuc.com\/index.php?rest_route=%2Fwp%2Fv2%2Fcategories&post=550"},{"taxonomy":"post_tag","embeddable":true,"href":"https:\/\/www.couteaux-montlahuc.com\/index.php?rest_route=%2Fwp%2Fv2%2Ftags&post=550"}],"curies":[{"name":"wp","href":"https:\/\/api.w.org\/{rel}","templated":true}]}}