{"id":75,"date":"2010-08-05T23:16:08","date_gmt":"2010-08-05T21:16:08","guid":{"rendered":"http:\/\/michelmontlahuc.wordpress.com\/?p=75"},"modified":"2010-08-05T23:16:08","modified_gmt":"2010-08-05T21:16:08","slug":"opinel-custom-n%c2%b010-en-bois-de-renne","status":"publish","type":"post","link":"https:\/\/www.couteaux-montlahuc.com\/?p=75","title":{"rendered":"Opinel custom N\u00b010 en bois de renne"},"content":{"rendered":"<p>On parle de renne en Europe et de caribou en Am\u00e9rique du Nord, mais il s&rsquo;agit du m\u00eame cervid\u00e9. Par rapport au cerf Europ\u00e9en, ses bois ont la particularit\u00e9 d&rsquo;\u00eatre beaucoup plus denses. Ce mat\u00e9riau est tout indiqu\u00e9 pour des couteaux d&rsquo;usage, comme cet Opinel N\u00b010. Sa finition polie conserve partiellement l&rsquo;aspect brut du mat\u00e9riau au talon. Si on le souhaite, il constitue un excellent support pour le scrimshaw.<\/p>\n<p><a href=\"http:\/\/www.couteaux-montlahuc.com\/WordPress3\/wp-content\/uploads\/2010\/08\/10vri_renne.jpg\"><\/p>\n<div id=\"attachment_77\" style=\"width: 310px\" class=\"wp-caption aligncenter\"><a href=\"http:\/\/www.couteaux-montlahuc.com\/WordPress3\/wp-content\/uploads\/2010\/08\/10vri_renne1.jpg\"><img loading=\"lazy\" decoding=\"async\" aria-describedby=\"caption-attachment-77\" data-attachment-id=\"77\" data-permalink=\"https:\/\/www.couteaux-montlahuc.com\/?attachment_id=77\" data-orig-file=\"https:\/\/www.couteaux-montlahuc.com\/WordPress3\/wp-content\/uploads\/2010\/08\/10vri_renne1.jpg\" data-orig-size=\"850,243\" data-comments-opened=\"1\" data-image-meta=\"{&quot;aperture&quot;:&quot;6.96&quot;,&quot;credit&quot;:&quot;&quot;,&quot;camera&quot;:&quot;DC3320&quot;,&quot;caption&quot;:&quot;&quot;,&quot;created_timestamp&quot;:&quot;946777067&quot;,&quot;copyright&quot;:&quot;&quot;,&quot;focal_length&quot;:&quot;0&quot;,&quot;iso&quot;:&quot;100&quot;,&quot;shutter_speed&quot;:&quot;0.02&quot;,&quot;title&quot;:&quot;Premier Exif JPEG&quot;}\" data-image-title=\"Opinel custom N\u00b010 en bois de renne\" data-image-description=\"&lt;p&gt;Opinel N\u00b010 en bois de renne poli. Lame inox avec guillochage v\u00e9g\u00e9tal.&lt;\/p&gt;\n\" data-image-caption=\"&lt;p&gt;Opinel N\u00b010 en bois de renne poli&lt;\/p&gt;\n\" data-medium-file=\"https:\/\/www.couteaux-montlahuc.com\/WordPress3\/wp-content\/uploads\/2010\/08\/10vri_renne1-300x85.jpg\" data-large-file=\"https:\/\/www.couteaux-montlahuc.com\/WordPress3\/wp-content\/uploads\/2010\/08\/10vri_renne1.jpg\" class=\"size-medium wp-image-77\" title=\"Opinel custom N\u00b010 en bois de renne\" src=\"http:\/\/www.couteaux-montlahuc.com\/WordPress3\/wp-content\/uploads\/2010\/08\/10vri_renne1.jpg?w=300\" alt=\"Opinel custom N\u00b010 en bois de renne\" width=\"300\" height=\"85\" srcset=\"https:\/\/www.couteaux-montlahuc.com\/WordPress3\/wp-content\/uploads\/2010\/08\/10vri_renne1.jpg 850w, https:\/\/www.couteaux-montlahuc.com\/WordPress3\/wp-content\/uploads\/2010\/08\/10vri_renne1-300x85.jpg 300w\" sizes=\"auto, (max-width: 300px) 100vw, 300px\" \/><\/a><p id=\"caption-attachment-77\" class=\"wp-caption-text\">Opinel N\u00b010 en bois de renne poli<\/p><\/div>\n<p><\/a>Il est beaucoup plus lisse que le bois de cerf et \u00e9galement encore plus r\u00e9sistant.<\/p>\n","protected":false},"excerpt":{"rendered":"<p>On parle de renne en Europe et de caribou en Am\u00e9rique du Nord, mais il s&rsquo;agit du m\u00eame cervid\u00e9. Par rapport au cerf Europ\u00e9en, ses bois ont la particularit\u00e9 d&rsquo;\u00eatre beaucoup plus denses. Ce mat\u00e9riau est tout indiqu\u00e9 pour des couteaux d&rsquo;usage, comme cet Opinel N\u00b010. Sa finition polie conserve partiellement l&rsquo;aspect brut du mat\u00e9riau [&hellip;]<\/p>\n","protected":false},"author":1,"featured_media":0,"comment_status":"open","ping_status":"open","sticky":false,"template":"","format":"standard","meta":{"om_disable_all_campaigns":false,"_monsterinsights_skip_tracking":false,"_monsterinsights_sitenote_active":false,"_monsterinsights_sitenote_note":"","_monsterinsights_sitenote_category":0,"_uf_show_specific_survey":0,"_uf_disable_surveys":false,"jetpack_post_was_ever_published":false,"_jetpack_newsletter_access":"","_jetpack_dont_email_post_to_subs":false,"_jetpack_newsletter_tier_id":0,"_jetpack_memberships_contains_paywalled_content":false,"_jetpack_memberships_contains_paid_content":false,"footnotes":"","jetpack_publicize_message":"","jetpack_publicize_feature_enabled":true,"jetpack_social_post_already_shared":false,"jetpack_social_options":{"image_generator_settings":{"template":"highway","enabled":false}}},"categories":[4],"tags":[23,31,37,41],"class_list":["post-75","post","type-post","status-publish","format-standard","hentry","category-bois-de-cervides-cornes","tag-custom","tag-n10","tag-opinel","tag-renne"],"jetpack_publicize_connections":[],"aioseo_notices":[],"jetpack_featured_media_url":"","jetpack_sharing_enabled":true,"jetpack_shortlink":"https:\/\/wp.me\/p1Ny4E-1d","jetpack_likes_enabled":true,"_links":{"self":[{"href":"https:\/\/www.couteaux-montlahuc.com\/index.php?rest_route=\/wp\/v2\/posts\/75","targetHints":{"allow":["GET"]}}],"collection":[{"href":"https:\/\/www.couteaux-montlahuc.com\/index.php?rest_route=\/wp\/v2\/posts"}],"about":[{"href":"https:\/\/www.couteaux-montlahuc.com\/index.php?rest_route=\/wp\/v2\/types\/post"}],"author":[{"embeddable":true,"href":"https:\/\/www.couteaux-montlahuc.com\/index.php?rest_route=\/wp\/v2\/users\/1"}],"replies":[{"embeddable":true,"href":"https:\/\/www.couteaux-montlahuc.com\/index.php?rest_route=%2Fwp%2Fv2%2Fcomments&post=75"}],"version-history":[{"count":0,"href":"https:\/\/www.couteaux-montlahuc.com\/index.php?rest_route=\/wp\/v2\/posts\/75\/revisions"}],"wp:attachment":[{"href":"https:\/\/www.couteaux-montlahuc.com\/index.php?rest_route=%2Fwp%2Fv2%2Fmedia&parent=75"}],"wp:term":[{"taxonomy":"category","embeddable":true,"href":"https:\/\/www.couteaux-montlahuc.com\/index.php?rest_route=%2Fwp%2Fv2%2Fcategories&post=75"},{"taxonomy":"post_tag","embeddable":true,"href":"https:\/\/www.couteaux-montlahuc.com\/index.php?rest_route=%2Fwp%2Fv2%2Ftags&post=75"}],"curies":[{"name":"wp","href":"https:\/\/api.w.org\/{rel}","templated":true}]}}